{"id":8014,"date":"2022-11-25T16:55:55","date_gmt":"2022-11-25T15:55:55","guid":{"rendered":"https:\/\/cplarraga.educacion.navarra.es\/web\/?p=8014"},"modified":"2022-12-14T12:09:51","modified_gmt":"2022-12-14T11:09:51","slug":"25-de-noviembre","status":"publish","type":"post","link":"https:\/\/cplarraga.educacion.navarra.es\/web\/blog\/25-de-noviembre\/","title":{"rendered":"2022, 25 Noviembre"},"content":{"rendered":"\n<p><\/p>\n\n\n\n<p class=\"has-vivid-purple-color has-text-color\">Para conmemorar el 25 N, D\u00eda Internacional de la Eliminaci\u00f3n de la Violencia contras las Mujeres, hemos llevado a cabo tertulias dial\u00f3gicas internivelares con cuentos relacionadas con la tem\u00e1tica.<\/p>\n\n\n\n<p class=\"has-vivid-purple-color has-text-color\">A partir de los cuentos hemos podido reflexionar sobre los estereotipos de g\u00e9nero y el respeto a la diversidad de preferencias y gustos.<\/p>\n\n\n\n<p class=\"has-vivid-purple-color has-text-color\">Como broche final, en educaci\u00f3n infantil nos hemos pintado las u\u00f1as de colores, al igual que el protagonista del cuento \u00abVivan las u\u00f1as de colores\u00bb. \u00a1Sus manos se llenaron de alegr\u00eda, energ\u00eda y buenos deseo!<\/p>\n\n\n\n<p class=\"has-vivid-purple-color has-text-color\">Posteriormente, el alumnado, el profesorado y las familias hemos cantado en el patio la canci\u00f3n \u00abLa puerta violeta\u00bb de Rozal\u00e9n en torno a un gran lazo morado que conten\u00eda mensajes realizados por las alumnas y alumntos del colegio.<\/p>\n\n\n\n<p class=\"has-vivid-purple-color has-text-color\"><\/p>\n\n\n\n<div class=\"wp-block-columns\">\n<div class=\"wp-block-column\" style=\"flex-basis:33.33%\">\n<figure class=\"wp-block-image size-full\"><img loading=\"lazy\" width=\"990\" height=\"1024\" src=\"https:\/\/cplarraga.educacion.navarra.es\/web\/wp-content\/uploads\/2022\/11\/CPEIPSanMiguelLarraga_25noviembre2022_IMG-20221125-WA0009.jpg\" alt=\"\" class=\"wp-image-8036\" srcset=\"https:\/\/cplarraga.educacion.navarra.es\/web\/wp-content\/uploads\/2022\/11\/CPEIPSanMiguelLarraga_25noviembre2022_IMG-20221125-WA0009.jpg 990w, https:\/\/cplarraga.educacion.navarra.es\/web\/wp-content\/uploads\/2022\/11\/CPEIPSanMiguelLarraga_25noviembre2022_IMG-20221125-WA0009-290x300.jpg 290w, https:\/\/cplarraga.educacion.navarra.es\/web\/wp-content\/uploads\/2022\/11\/CPEIPSanMiguelLarraga_25noviembre2022_IMG-20221125-WA0009-768x794.jpg 768w\" sizes=\"(max-width: 990px) 100vw, 990px\" \/><\/figure>\n<\/div>\n\n\n\n<div class=\"wp-block-column\" style=\"flex-basis:66.66%\">\n<figure class=\"wp-block-image size-large\"><img loading=\"lazy\" width=\"1024\" height=\"576\" src=\"https:\/\/cplarraga.educacion.navarra.es\/web\/wp-content\/uploads\/2022\/11\/Si-me-quieres-no-me-humilles-quiereme2-1024x576.jpg\" alt=\"\" class=\"wp-image-8019\" srcset=\"https:\/\/cplarraga.educacion.navarra.es\/web\/wp-content\/uploads\/2022\/11\/Si-me-quieres-no-me-humilles-quiereme2-1024x576.jpg 1024w, https:\/\/cplarraga.educacion.navarra.es\/web\/wp-content\/uploads\/2022\/11\/Si-me-quieres-no-me-humilles-quiereme2-300x169.jpg 300w, https:\/\/cplarraga.educacion.navarra.es\/web\/wp-content\/uploads\/2022\/11\/Si-me-quieres-no-me-humilles-quiereme2-768x432.jpg 768w, https:\/\/cplarraga.educacion.navarra.es\/web\/wp-content\/uploads\/2022\/11\/Si-me-quieres-no-me-humilles-quiereme2.jpg 1366w\" sizes=\"(max-width: 1024px) 100vw, 1024px\" \/><\/figure>\n<\/div>\n<\/div>\n\n\n\n<div class=\"wp-block-image\"><figure class=\"aligncenter size-large is-resized\"><img loading=\"lazy\" src=\"https:\/\/cplarraga.educacion.navarra.es\/web\/wp-content\/uploads\/2022\/11\/DSC05687_w-1024x681.jpg\" alt=\"\" class=\"wp-image-8078\" width=\"768\" height=\"511\" srcset=\"https:\/\/cplarraga.educacion.navarra.es\/web\/wp-content\/uploads\/2022\/11\/DSC05687_w-1024x681.jpg 1024w, https:\/\/cplarraga.educacion.navarra.es\/web\/wp-content\/uploads\/2022\/11\/DSC05687_w-300x199.jpg 300w, https:\/\/cplarraga.educacion.navarra.es\/web\/wp-content\/uploads\/2022\/11\/DSC05687_w-768x510.jpg 768w, https:\/\/cplarraga.educacion.navarra.es\/web\/wp-content\/uploads\/2022\/11\/DSC05687_w-1536x1021.jpg 1536w, https:\/\/cplarraga.educacion.navarra.es\/web\/wp-content\/uploads\/2022\/11\/DSC05687_w.jpg 1965w\" sizes=\"(max-width: 768px) 100vw, 768px\" \/><\/figure><\/div>\n\n\n\n<div class=\"wp-block-image\"><figure class=\"aligncenter size-large is-resized\"><img loading=\"lazy\" src=\"https:\/\/cplarraga.educacion.navarra.es\/web\/wp-content\/uploads\/2022\/11\/25N_CPEIPSanMiguelLarraga-1-558x1024.jpg\" alt=\"\" class=\"wp-image-8013\" width=\"279\" height=\"512\" srcset=\"https:\/\/cplarraga.educacion.navarra.es\/web\/wp-content\/uploads\/2022\/11\/25N_CPEIPSanMiguelLarraga-1-558x1024.jpg 558w, https:\/\/cplarraga.educacion.navarra.es\/web\/wp-content\/uploads\/2022\/11\/25N_CPEIPSanMiguelLarraga-1-164x300.jpg 164w, https:\/\/cplarraga.educacion.navarra.es\/web\/wp-content\/uploads\/2022\/11\/25N_CPEIPSanMiguelLarraga-1.jpg 563w\" sizes=\"(max-width: 279px) 100vw, 279px\" \/><\/figure><\/div>\n\n\n\n<figure class=\"wp-block-gallery has-nested-images columns-default is-cropped\">\n<figure class=\"wp-block-image size-large\"><img loading=\"lazy\" width=\"1024\" height=\"681\" data-id=\"8056\"  src=\"https:\/\/cplarraga.educacion.navarra.es\/web\/wp-content\/uploads\/2022\/11\/DSC05634_w-1024x681.jpg\" alt=\"\" class=\"wp-image-8056\" srcset=\"https:\/\/cplarraga.educacion.navarra.es\/web\/wp-content\/uploads\/2022\/11\/DSC05634_w-1024x681.jpg 1024w, https:\/\/cplarraga.educacion.navarra.es\/web\/wp-content\/uploads\/2022\/11\/DSC05634_w-300x199.jpg 300w, https:\/\/cplarraga.educacion.navarra.es\/web\/wp-content\/uploads\/2022\/11\/DSC05634_w-768x510.jpg 768w, https:\/\/cplarraga.educacion.navarra.es\/web\/wp-content\/uploads\/2022\/11\/DSC05634_w-1536x1021.jpg 1536w, https:\/\/cplarraga.educacion.navarra.es\/web\/wp-content\/uploads\/2022\/11\/DSC05634_w.jpg 1965w\" sizes=\"(max-width: 1024px) 100vw, 1024px\" \/><\/figure>\n\n\n\n<figure class=\"wp-block-image size-large\"><img loading=\"lazy\" width=\"1024\" height=\"768\" data-id=\"8038\"  src=\"https:\/\/cplarraga.educacion.navarra.es\/web\/wp-content\/uploads\/2022\/11\/CPEIPSanMiguelLarraga_25noviembre2022_IMG-20221125-WA0011.jpg\" alt=\"\" class=\"wp-image-8038\" srcset=\"https:\/\/cplarraga.educacion.navarra.es\/web\/wp-content\/uploads\/2022\/11\/CPEIPSanMiguelLarraga_25noviembre2022_IMG-20221125-WA0011.jpg 1024w, https:\/\/cplarraga.educacion.navarra.es\/web\/wp-content\/uploads\/2022\/11\/CPEIPSanMiguelLarraga_25noviembre2022_IMG-20221125-WA0011-300x225.jpg 300w, https:\/\/cplarraga.educacion.navarra.es\/web\/wp-content\/uploads\/2022\/11\/CPEIPSanMiguelLarraga_25noviembre2022_IMG-20221125-WA0011-768x576.jpg 768w\" sizes=\"(max-width: 1024px) 100vw, 1024px\" \/><\/figure>\n<\/figure>\n\n\n\n<div class=\"wp-block-columns\">\n<div class=\"wp-block-column\">\n<figure class=\"wp-block-gallery has-nested-images columns-default is-cropped\">\n<figure class=\"wp-block-image size-large\"><img loading=\"lazy\" width=\"1024\" height=\"681\" src=\"https:\/\/cplarraga.educacion.navarra.es\/web\/wp-content\/uploads\/2022\/11\/DSC05631_w-1024x681.jpg\" alt=\"\" class=\"wp-image-8055\" srcset=\"https:\/\/cplarraga.educacion.navarra.es\/web\/wp-content\/uploads\/2022\/11\/DSC05631_w-1024x681.jpg 1024w, https:\/\/cplarraga.educacion.navarra.es\/web\/wp-content\/uploads\/2022\/11\/DSC05631_w-300x199.jpg 300w, https:\/\/cplarraga.educacion.navarra.es\/web\/wp-content\/uploads\/2022\/11\/DSC05631_w-768x510.jpg 768w, https:\/\/cplarraga.educacion.navarra.es\/web\/wp-content\/uploads\/2022\/11\/DSC05631_w-1536x1021.jpg 1536w, https:\/\/cplarraga.educacion.navarra.es\/web\/wp-content\/uploads\/2022\/11\/DSC05631_w.jpg 1965w\" sizes=\"(max-width: 1024px) 100vw, 1024px\" \/><\/figure>\n<\/figure>\n<\/div>\n\n\n\n<div class=\"wp-block-column\">\n<figure class=\"wp-block-image size-full\"><img loading=\"lazy\" width=\"1024\" height=\"768\" src=\"https:\/\/cplarraga.educacion.navarra.es\/web\/wp-content\/uploads\/2022\/11\/CPEIPSanMiguelLarraga_25noviembre2022_IMG-20221125-WA0012.jpg\" alt=\"\" class=\"wp-image-8039\" srcset=\"https:\/\/cplarraga.educacion.navarra.es\/web\/wp-content\/uploads\/2022\/11\/CPEIPSanMiguelLarraga_25noviembre2022_IMG-20221125-WA0012.jpg 1024w, https:\/\/cplarraga.educacion.navarra.es\/web\/wp-content\/uploads\/2022\/11\/CPEIPSanMiguelLarraga_25noviembre2022_IMG-20221125-WA0012-300x225.jpg 300w, https:\/\/cplarraga.educacion.navarra.es\/web\/wp-content\/uploads\/2022\/11\/CPEIPSanMiguelLarraga_25noviembre2022_IMG-20221125-WA0012-768x576.jpg 768w\" sizes=\"(max-width: 1024px) 100vw, 1024px\" \/><\/figure>\n<\/div>\n<\/div>\n\n\n\n<div class=\"wp-block-columns\">\n<div class=\"wp-block-column\">\n<figure class=\"wp-block-image size-large\"><img loading=\"lazy\" width=\"1024\" height=\"681\" src=\"https:\/\/cplarraga.educacion.navarra.es\/web\/wp-content\/uploads\/2022\/11\/DSC05635_w-1024x681.jpg\" alt=\"\" class=\"wp-image-8057\" srcset=\"https:\/\/cplarraga.educacion.navarra.es\/web\/wp-content\/uploads\/2022\/11\/DSC05635_w-1024x681.jpg 1024w, https:\/\/cplarraga.educacion.navarra.es\/web\/wp-content\/uploads\/2022\/11\/DSC05635_w-300x199.jpg 300w, https:\/\/cplarraga.educacion.navarra.es\/web\/wp-content\/uploads\/2022\/11\/DSC05635_w-768x510.jpg 768w, https:\/\/cplarraga.educacion.navarra.es\/web\/wp-content\/uploads\/2022\/11\/DSC05635_w-1536x1021.jpg 1536w, https:\/\/cplarraga.educacion.navarra.es\/web\/wp-content\/uploads\/2022\/11\/DSC05635_w.jpg 1965w\" sizes=\"(max-width: 1024px) 100vw, 1024px\" \/><\/figure>\n<\/div>\n\n\n\n<div class=\"wp-block-column\">\n<figure class=\"wp-block-image size-large\"><img loading=\"lazy\" width=\"1024\" height=\"681\" src=\"https:\/\/cplarraga.educacion.navarra.es\/web\/wp-content\/uploads\/2022\/11\/DSC05637_w-1024x681.jpg\" alt=\"\" class=\"wp-image-8059\" srcset=\"https:\/\/cplarraga.educacion.navarra.es\/web\/wp-content\/uploads\/2022\/11\/DSC05637_w-1024x681.jpg 1024w, https:\/\/cplarraga.educacion.navarra.es\/web\/wp-content\/uploads\/2022\/11\/DSC05637_w-300x199.jpg 300w, https:\/\/cplarraga.educacion.navarra.es\/web\/wp-content\/uploads\/2022\/11\/DSC05637_w-768x510.jpg 768w, https:\/\/cplarraga.educacion.navarra.es\/web\/wp-content\/uploads\/2022\/11\/DSC05637_w-1536x1021.jpg 1536w, https:\/\/cplarraga.educacion.navarra.es\/web\/wp-content\/uploads\/2022\/11\/DSC05637_w.jpg 1965w\" sizes=\"(max-width: 1024px) 100vw, 1024px\" \/><\/figure>\n<\/div>\n<\/div>\n\n\n\n<div class=\"wp-block-columns\">\n<div class=\"wp-block-column\">\n<figure class=\"wp-block-image size-large\"><img loading=\"lazy\" width=\"1024\" height=\"681\" src=\"https:\/\/cplarraga.educacion.navarra.es\/web\/wp-content\/uploads\/2022\/11\/DSC05639_w-1024x681.jpg\" alt=\"\" class=\"wp-image-8060\" srcset=\"https:\/\/cplarraga.educacion.navarra.es\/web\/wp-content\/uploads\/2022\/11\/DSC05639_w-1024x681.jpg 1024w, https:\/\/cplarraga.educacion.navarra.es\/web\/wp-content\/uploads\/2022\/11\/DSC05639_w-300x199.jpg 300w, https:\/\/cplarraga.educacion.navarra.es\/web\/wp-content\/uploads\/2022\/11\/DSC05639_w-768x510.jpg 768w, https:\/\/cplarraga.educacion.navarra.es\/web\/wp-content\/uploads\/2022\/11\/DSC05639_w-1536x1021.jpg 1536w, https:\/\/cplarraga.educacion.navarra.es\/web\/wp-content\/uploads\/2022\/11\/DSC05639_w.jpg 1965w\" sizes=\"(max-width: 1024px) 100vw, 1024px\" \/><\/figure>\n<\/div>\n\n\n\n<div class=\"wp-block-column\">\n<figure class=\"wp-block-image size-large\"><img loading=\"lazy\" width=\"1024\" height=\"681\" src=\"https:\/\/cplarraga.educacion.navarra.es\/web\/wp-content\/uploads\/2022\/11\/DSC05644_w-1024x681.jpg\" alt=\"\" class=\"wp-image-8062\" srcset=\"https:\/\/cplarraga.educacion.navarra.es\/web\/wp-content\/uploads\/2022\/11\/DSC05644_w-1024x681.jpg 1024w, https:\/\/cplarraga.educacion.navarra.es\/web\/wp-content\/uploads\/2022\/11\/DSC05644_w-300x199.jpg 300w, https:\/\/cplarraga.educacion.navarra.es\/web\/wp-content\/uploads\/2022\/11\/DSC05644_w-768x510.jpg 768w, https:\/\/cplarraga.educacion.navarra.es\/web\/wp-content\/uploads\/2022\/11\/DSC05644_w-1536x1021.jpg 1536w, https:\/\/cplarraga.educacion.navarra.es\/web\/wp-content\/uploads\/2022\/11\/DSC05644_w.jpg 1965w\" sizes=\"(max-width: 1024px) 100vw, 1024px\" \/><\/figure>\n<\/div>\n<\/div>\n\n\n\n<div class=\"wp-block-columns\">\n<div class=\"wp-block-column\">\n<figure class=\"wp-block-image size-large\"><img loading=\"lazy\" width=\"1024\" height=\"681\" src=\"https:\/\/cplarraga.educacion.navarra.es\/web\/wp-content\/uploads\/2022\/11\/DSC05642_w-1024x681.jpg\" alt=\"\" class=\"wp-image-8061\" srcset=\"https:\/\/cplarraga.educacion.navarra.es\/web\/wp-content\/uploads\/2022\/11\/DSC05642_w-1024x681.jpg 1024w, https:\/\/cplarraga.educacion.navarra.es\/web\/wp-content\/uploads\/2022\/11\/DSC05642_w-300x199.jpg 300w, https:\/\/cplarraga.educacion.navarra.es\/web\/wp-content\/uploads\/2022\/11\/DSC05642_w-768x510.jpg 768w, https:\/\/cplarraga.educacion.navarra.es\/web\/wp-content\/uploads\/2022\/11\/DSC05642_w-1536x1021.jpg 1536w, https:\/\/cplarraga.educacion.navarra.es\/web\/wp-content\/uploads\/2022\/11\/DSC05642_w.jpg 1965w\" sizes=\"(max-width: 1024px) 100vw, 1024px\" \/><\/figure>\n<\/div>\n\n\n\n<div class=\"wp-block-column\">\n<figure class=\"wp-block-image size-large\"><img loading=\"lazy\" width=\"1024\" height=\"681\" src=\"https:\/\/cplarraga.educacion.navarra.es\/web\/wp-content\/uploads\/2022\/11\/DSC05647_w-1024x681.jpg\" alt=\"\" class=\"wp-image-8063\" srcset=\"https:\/\/cplarraga.educacion.navarra.es\/web\/wp-content\/uploads\/2022\/11\/DSC05647_w-1024x681.jpg 1024w, https:\/\/cplarraga.educacion.navarra.es\/web\/wp-content\/uploads\/2022\/11\/DSC05647_w-300x199.jpg 300w, https:\/\/cplarraga.educacion.navarra.es\/web\/wp-content\/uploads\/2022\/11\/DSC05647_w-768x510.jpg 768w, https:\/\/cplarraga.educacion.navarra.es\/web\/wp-content\/uploads\/2022\/11\/DSC05647_w-1536x1021.jpg 1536w, https:\/\/cplarraga.educacion.navarra.es\/web\/wp-content\/uploads\/2022\/11\/DSC05647_w.jpg 1965w\" sizes=\"(max-width: 1024px) 100vw, 1024px\" \/><\/figure>\n<\/div>\n<\/div>\n\n\n\n<div class=\"wp-block-columns\">\n<div class=\"wp-block-column\">\n<figure class=\"wp-block-image size-large\"><img loading=\"lazy\" width=\"1024\" height=\"681\" src=\"https:\/\/cplarraga.educacion.navarra.es\/web\/wp-content\/uploads\/2022\/11\/DSC05656_w-1024x681.jpg\" alt=\"\" class=\"wp-image-8064\" srcset=\"https:\/\/cplarraga.educacion.navarra.es\/web\/wp-content\/uploads\/2022\/11\/DSC05656_w-1024x681.jpg 1024w, https:\/\/cplarraga.educacion.navarra.es\/web\/wp-content\/uploads\/2022\/11\/DSC05656_w-300x199.jpg 300w, https:\/\/cplarraga.educacion.navarra.es\/web\/wp-content\/uploads\/2022\/11\/DSC05656_w-768x510.jpg 768w, https:\/\/cplarraga.educacion.navarra.es\/web\/wp-content\/uploads\/2022\/11\/DSC05656_w-1536x1021.jpg 1536w, https:\/\/cplarraga.educacion.navarra.es\/web\/wp-content\/uploads\/2022\/11\/DSC05656_w.jpg 1965w\" sizes=\"(max-width: 1024px) 100vw, 1024px\" \/><\/figure>\n<\/div>\n\n\n\n<div class=\"wp-block-column\">\n<figure class=\"wp-block-image size-large\"><img loading=\"lazy\" width=\"1024\" height=\"681\" src=\"https:\/\/cplarraga.educacion.navarra.es\/web\/wp-content\/uploads\/2022\/11\/DSC05657_w-1024x681.jpg\" alt=\"\" class=\"wp-image-8065\" srcset=\"https:\/\/cplarraga.educacion.navarra.es\/web\/wp-content\/uploads\/2022\/11\/DSC05657_w-1024x681.jpg 1024w, https:\/\/cplarraga.educacion.navarra.es\/web\/wp-content\/uploads\/2022\/11\/DSC05657_w-300x199.jpg 300w, https:\/\/cplarraga.educacion.navarra.es\/web\/wp-content\/uploads\/2022\/11\/DSC05657_w-768x510.jpg 768w, https:\/\/cplarraga.educacion.navarra.es\/web\/wp-content\/uploads\/2022\/11\/DSC05657_w-1536x1021.jpg 1536w, https:\/\/cplarraga.educacion.navarra.es\/web\/wp-content\/uploads\/2022\/11\/DSC05657_w.jpg 1965w\" sizes=\"(max-width: 1024px) 100vw, 1024px\" \/><\/figure>\n<\/div>\n<\/div>\n\n\n\n<div class=\"wp-block-columns\">\n<div class=\"wp-block-column\" style=\"flex-basis:25%\"><\/div>\n\n\n\n<div class=\"wp-block-column\" style=\"flex-basis:50%\">\n<figure class=\"wp-block-image size-full\"><img loading=\"lazy\" width=\"768\" height=\"1024\" src=\"https:\/\/cplarraga.educacion.navarra.es\/web\/wp-content\/uploads\/2022\/11\/CPEIPSanMiguelLarraga_25noviembre2022_IMG-20221125-WA0010.jpg\" alt=\"\" class=\"wp-image-8037\" srcset=\"https:\/\/cplarraga.educacion.navarra.es\/web\/wp-content\/uploads\/2022\/11\/CPEIPSanMiguelLarraga_25noviembre2022_IMG-20221125-WA0010.jpg 768w, https:\/\/cplarraga.educacion.navarra.es\/web\/wp-content\/uploads\/2022\/11\/CPEIPSanMiguelLarraga_25noviembre2022_IMG-20221125-WA0010-225x300.jpg 225w\" sizes=\"(max-width: 768px) 100vw, 768px\" \/><\/figure>\n<\/div>\n\n\n\n<div class=\"wp-block-column\" style=\"flex-basis:25%\"><\/div>\n<\/div>\n\n\n\n<hr class=\"wp-block-separator\"\/>\n\n\n\n<div class=\"wp-block-columns\">\n<div class=\"wp-block-column\">\n<figure class=\"wp-block-image size-large\"><img loading=\"lazy\" width=\"1024\" height=\"681\" src=\"https:\/\/cplarraga.educacion.navarra.es\/web\/wp-content\/uploads\/2022\/11\/DSC05667_w-1024x681.jpg\" alt=\"\" class=\"wp-image-8069\" srcset=\"https:\/\/cplarraga.educacion.navarra.es\/web\/wp-content\/uploads\/2022\/11\/DSC05667_w-1024x681.jpg 1024w, https:\/\/cplarraga.educacion.navarra.es\/web\/wp-content\/uploads\/2022\/11\/DSC05667_w-300x199.jpg 300w, https:\/\/cplarraga.educacion.navarra.es\/web\/wp-content\/uploads\/2022\/11\/DSC05667_w-768x510.jpg 768w, https:\/\/cplarraga.educacion.navarra.es\/web\/wp-content\/uploads\/2022\/11\/DSC05667_w-1536x1021.jpg 1536w, https:\/\/cplarraga.educacion.navarra.es\/web\/wp-content\/uploads\/2022\/11\/DSC05667_w.jpg 1965w\" sizes=\"(max-width: 1024px) 100vw, 1024px\" \/><\/figure>\n<\/div>\n\n\n\n<div class=\"wp-block-column\">\n<figure class=\"wp-block-image size-large\"><img loading=\"lazy\" width=\"1024\" height=\"681\" src=\"https:\/\/cplarraga.educacion.navarra.es\/web\/wp-content\/uploads\/2022\/11\/DSC05664_w-1024x681.jpg\" alt=\"\" class=\"wp-image-8068\" srcset=\"https:\/\/cplarraga.educacion.navarra.es\/web\/wp-content\/uploads\/2022\/11\/DSC05664_w-1024x681.jpg 1024w, https:\/\/cplarraga.educacion.navarra.es\/web\/wp-content\/uploads\/2022\/11\/DSC05664_w-300x199.jpg 300w, https:\/\/cplarraga.educacion.navarra.es\/web\/wp-content\/uploads\/2022\/11\/DSC05664_w-768x510.jpg 768w, https:\/\/cplarraga.educacion.navarra.es\/web\/wp-content\/uploads\/2022\/11\/DSC05664_w-1536x1021.jpg 1536w, https:\/\/cplarraga.educacion.navarra.es\/web\/wp-content\/uploads\/2022\/11\/DSC05664_w.jpg 1965w\" sizes=\"(max-width: 1024px) 100vw, 1024px\" \/><\/figure>\n<\/div>\n<\/div>\n\n\n\n<div class=\"wp-block-columns\">\n<div class=\"wp-block-column\">\n<figure class=\"wp-block-image size-large\"><img loading=\"lazy\" width=\"1024\" height=\"681\" src=\"https:\/\/cplarraga.educacion.navarra.es\/web\/wp-content\/uploads\/2022\/11\/DSC05660_w-1024x681.jpg\" alt=\"\" class=\"wp-image-8066\" srcset=\"https:\/\/cplarraga.educacion.navarra.es\/web\/wp-content\/uploads\/2022\/11\/DSC05660_w-1024x681.jpg 1024w, https:\/\/cplarraga.educacion.navarra.es\/web\/wp-content\/uploads\/2022\/11\/DSC05660_w-300x199.jpg 300w, https:\/\/cplarraga.educacion.navarra.es\/web\/wp-content\/uploads\/2022\/11\/DSC05660_w-768x510.jpg 768w, https:\/\/cplarraga.educacion.navarra.es\/web\/wp-content\/uploads\/2022\/11\/DSC05660_w-1536x1021.jpg 1536w, https:\/\/cplarraga.educacion.navarra.es\/web\/wp-content\/uploads\/2022\/11\/DSC05660_w.jpg 1965w\" sizes=\"(max-width: 1024px) 100vw, 1024px\" \/><\/figure>\n<\/div>\n\n\n\n<div class=\"wp-block-column\">\n<figure class=\"wp-block-image size-large\"><img loading=\"lazy\" width=\"1024\" height=\"681\" src=\"https:\/\/cplarraga.educacion.navarra.es\/web\/wp-content\/uploads\/2022\/11\/DSC05628_w-1024x681.jpg\" alt=\"\" class=\"wp-image-8054\" srcset=\"https:\/\/cplarraga.educacion.navarra.es\/web\/wp-content\/uploads\/2022\/11\/DSC05628_w-1024x681.jpg 1024w, https:\/\/cplarraga.educacion.navarra.es\/web\/wp-content\/uploads\/2022\/11\/DSC05628_w-300x199.jpg 300w, https:\/\/cplarraga.educacion.navarra.es\/web\/wp-content\/uploads\/2022\/11\/DSC05628_w-768x510.jpg 768w, https:\/\/cplarraga.educacion.navarra.es\/web\/wp-content\/uploads\/2022\/11\/DSC05628_w-1536x1021.jpg 1536w, https:\/\/cplarraga.educacion.navarra.es\/web\/wp-content\/uploads\/2022\/11\/DSC05628_w.jpg 1965w\" sizes=\"(max-width: 1024px) 100vw, 1024px\" \/><\/figure>\n<\/div>\n<\/div>\n\n\n\n<div class=\"wp-block-columns\">\n<div class=\"wp-block-column\">\n<figure class=\"wp-block-image size-large\"><img loading=\"lazy\" width=\"1024\" height=\"681\" src=\"https:\/\/cplarraga.educacion.navarra.es\/web\/wp-content\/uploads\/2022\/11\/DSC05625_w-1024x681.jpg\" alt=\"\" class=\"wp-image-8052\" srcset=\"https:\/\/cplarraga.educacion.navarra.es\/web\/wp-content\/uploads\/2022\/11\/DSC05625_w-1024x681.jpg 1024w, https:\/\/cplarraga.educacion.navarra.es\/web\/wp-content\/uploads\/2022\/11\/DSC05625_w-300x199.jpg 300w, https:\/\/cplarraga.educacion.navarra.es\/web\/wp-content\/uploads\/2022\/11\/DSC05625_w-768x510.jpg 768w, https:\/\/cplarraga.educacion.navarra.es\/web\/wp-content\/uploads\/2022\/11\/DSC05625_w-1536x1021.jpg 1536w, https:\/\/cplarraga.educacion.navarra.es\/web\/wp-content\/uploads\/2022\/11\/DSC05625_w.jpg 1965w\" sizes=\"(max-width: 1024px) 100vw, 1024px\" \/><\/figure>\n<\/div>\n\n\n\n<div class=\"wp-block-column\">\n<figure class=\"wp-block-image size-large\"><img loading=\"lazy\" width=\"1024\" height=\"681\" src=\"https:\/\/cplarraga.educacion.navarra.es\/web\/wp-content\/uploads\/2022\/11\/DSC05626_w-1024x681.jpg\" alt=\"\" class=\"wp-image-8053\" srcset=\"https:\/\/cplarraga.educacion.navarra.es\/web\/wp-content\/uploads\/2022\/11\/DSC05626_w-1024x681.jpg 1024w, https:\/\/cplarraga.educacion.navarra.es\/web\/wp-content\/uploads\/2022\/11\/DSC05626_w-300x199.jpg 300w, https:\/\/cplarraga.educacion.navarra.es\/web\/wp-content\/uploads\/2022\/11\/DSC05626_w-768x510.jpg 768w, https:\/\/cplarraga.educacion.navarra.es\/web\/wp-content\/uploads\/2022\/11\/DSC05626_w-1536x1021.jpg 1536w, https:\/\/cplarraga.educacion.navarra.es\/web\/wp-content\/uploads\/2022\/11\/DSC05626_w.jpg 1965w\" sizes=\"(max-width: 1024px) 100vw, 1024px\" \/><\/figure>\n<\/div>\n<\/div>\n\n\n\n<div class=\"wp-block-columns\">\n<div class=\"wp-block-column\">\n<figure class=\"wp-block-image size-large\"><img loading=\"lazy\" width=\"1024\" height=\"681\" src=\"https:\/\/cplarraga.educacion.navarra.es\/web\/wp-content\/uploads\/2022\/11\/DSC05622_w-1024x681.jpg\" alt=\"\" class=\"wp-image-8051\" srcset=\"https:\/\/cplarraga.educacion.navarra.es\/web\/wp-content\/uploads\/2022\/11\/DSC05622_w-1024x681.jpg 1024w, https:\/\/cplarraga.educacion.navarra.es\/web\/wp-content\/uploads\/2022\/11\/DSC05622_w-300x199.jpg 300w, https:\/\/cplarraga.educacion.navarra.es\/web\/wp-content\/uploads\/2022\/11\/DSC05622_w-768x510.jpg 768w, https:\/\/cplarraga.educacion.navarra.es\/web\/wp-content\/uploads\/2022\/11\/DSC05622_w-1536x1021.jpg 1536w, https:\/\/cplarraga.educacion.navarra.es\/web\/wp-content\/uploads\/2022\/11\/DSC05622_w.jpg 1965w\" sizes=\"(max-width: 1024px) 100vw, 1024px\" \/><\/figure>\n<\/div>\n\n\n\n<div class=\"wp-block-column\">\n<figure class=\"wp-block-image size-large\"><img loading=\"lazy\" width=\"1024\" height=\"680\" src=\"https:\/\/cplarraga.educacion.navarra.es\/web\/wp-content\/uploads\/2022\/11\/DSC05619_w-1024x680.jpg\" alt=\"\" class=\"wp-image-8050\" srcset=\"https:\/\/cplarraga.educacion.navarra.es\/web\/wp-content\/uploads\/2022\/11\/DSC05619_w-1024x680.jpg 1024w, https:\/\/cplarraga.educacion.navarra.es\/web\/wp-content\/uploads\/2022\/11\/DSC05619_w-300x199.jpg 300w, https:\/\/cplarraga.educacion.navarra.es\/web\/wp-content\/uploads\/2022\/11\/DSC05619_w-768x510.jpg 768w, https:\/\/cplarraga.educacion.navarra.es\/web\/wp-content\/uploads\/2022\/11\/DSC05619_w-1536x1021.jpg 1536w, https:\/\/cplarraga.educacion.navarra.es\/web\/wp-content\/uploads\/2022\/11\/DSC05619_w-2048x1361.jpg 2048w\" sizes=\"(max-width: 1024px) 100vw, 1024px\" \/><\/figure>\n<\/div>\n<\/div>\n\n\n\n<div class=\"wp-block-columns\">\n<div class=\"wp-block-column\">\n<figure class=\"wp-block-image size-large\"><img loading=\"lazy\" width=\"1024\" height=\"681\" src=\"https:\/\/cplarraga.educacion.navarra.es\/web\/wp-content\/uploads\/2022\/11\/DSC05613_w-1024x681.jpg\" alt=\"\" class=\"wp-image-8049\" srcset=\"https:\/\/cplarraga.educacion.navarra.es\/web\/wp-content\/uploads\/2022\/11\/DSC05613_w-1024x681.jpg 1024w, https:\/\/cplarraga.educacion.navarra.es\/web\/wp-content\/uploads\/2022\/11\/DSC05613_w-300x199.jpg 300w, https:\/\/cplarraga.educacion.navarra.es\/web\/wp-content\/uploads\/2022\/11\/DSC05613_w-768x510.jpg 768w, https:\/\/cplarraga.educacion.navarra.es\/web\/wp-content\/uploads\/2022\/11\/DSC05613_w-1536x1021.jpg 1536w, https:\/\/cplarraga.educacion.navarra.es\/web\/wp-content\/uploads\/2022\/11\/DSC05613_w.jpg 1965w\" sizes=\"(max-width: 1024px) 100vw, 1024px\" \/><\/figure>\n<\/div>\n\n\n\n<div class=\"wp-block-column\">\n<figure class=\"wp-block-image size-large\"><img loading=\"lazy\" width=\"1024\" height=\"577\" src=\"https:\/\/cplarraga.educacion.navarra.es\/web\/wp-content\/uploads\/2022\/11\/CPEIPSanMiguelLarraga_25noviembre2022_IMG-20221125-WA0003-1-1024x577.jpg\" alt=\"\" class=\"wp-image-8045\" srcset=\"https:\/\/cplarraga.educacion.navarra.es\/web\/wp-content\/uploads\/2022\/11\/CPEIPSanMiguelLarraga_25noviembre2022_IMG-20221125-WA0003-1-1024x577.jpg 1024w, https:\/\/cplarraga.educacion.navarra.es\/web\/wp-content\/uploads\/2022\/11\/CPEIPSanMiguelLarraga_25noviembre2022_IMG-20221125-WA0003-1-300x169.jpg 300w, https:\/\/cplarraga.educacion.navarra.es\/web\/wp-content\/uploads\/2022\/11\/CPEIPSanMiguelLarraga_25noviembre2022_IMG-20221125-WA0003-1-768x432.jpg 768w, https:\/\/cplarraga.educacion.navarra.es\/web\/wp-content\/uploads\/2022\/11\/CPEIPSanMiguelLarraga_25noviembre2022_IMG-20221125-WA0003-1-1536x865.jpg 1536w, https:\/\/cplarraga.educacion.navarra.es\/web\/wp-content\/uploads\/2022\/11\/CPEIPSanMiguelLarraga_25noviembre2022_IMG-20221125-WA0003-1.jpg 2048w\" sizes=\"(max-width: 1024px) 100vw, 1024px\" \/><\/figure>\n<\/div>\n<\/div>\n\n\n\n<div class=\"wp-block-columns\">\n<div class=\"wp-block-column\" style=\"flex-basis:25%\"><\/div>\n\n\n\n<div class=\"wp-block-column\" style=\"flex-basis:50%\">\n<figure class=\"wp-block-image size-large\"><img loading=\"lazy\" width=\"1024\" height=\"1024\" src=\"https:\/\/cplarraga.educacion.navarra.es\/web\/wp-content\/uploads\/2022\/11\/CPEIPSanMiguelLarraga_25noviembre2022_IMG-20221125-WA0006-1-1024x1024.jpg\" alt=\"\" class=\"wp-image-8046\" srcset=\"https:\/\/cplarraga.educacion.navarra.es\/web\/wp-content\/uploads\/2022\/11\/CPEIPSanMiguelLarraga_25noviembre2022_IMG-20221125-WA0006-1-1024x1024.jpg 1024w, https:\/\/cplarraga.educacion.navarra.es\/web\/wp-content\/uploads\/2022\/11\/CPEIPSanMiguelLarraga_25noviembre2022_IMG-20221125-WA0006-1-300x300.jpg 300w, https:\/\/cplarraga.educacion.navarra.es\/web\/wp-content\/uploads\/2022\/11\/CPEIPSanMiguelLarraga_25noviembre2022_IMG-20221125-WA0006-1-150x150.jpg 150w, https:\/\/cplarraga.educacion.navarra.es\/web\/wp-content\/uploads\/2022\/11\/CPEIPSanMiguelLarraga_25noviembre2022_IMG-20221125-WA0006-1-768x768.jpg 768w, https:\/\/cplarraga.educacion.navarra.es\/web\/wp-content\/uploads\/2022\/11\/CPEIPSanMiguelLarraga_25noviembre2022_IMG-20221125-WA0006-1-1536x1536.jpg 1536w, https:\/\/cplarraga.educacion.navarra.es\/web\/wp-content\/uploads\/2022\/11\/CPEIPSanMiguelLarraga_25noviembre2022_IMG-20221125-WA0006-1.jpg 1728w\" sizes=\"(max-width: 1024px) 100vw, 1024px\" \/><\/figure>\n<\/div>\n\n\n\n<div class=\"wp-block-column\" style=\"flex-basis:25%\"><\/div>\n<\/div>\n\n\n\n<hr class=\"wp-block-separator\"\/>\n\n\n\n<div class=\"wp-block-image\"><figure class=\"aligncenter size-large is-resized\"><img loading=\"lazy\" src=\"https:\/\/cplarraga.educacion.navarra.es\/web\/wp-content\/uploads\/2022\/11\/DSC05682_w-1024x681.jpg\" alt=\"\" class=\"wp-image-8076\" width=\"512\" height=\"341\" srcset=\"https:\/\/cplarraga.educacion.navarra.es\/web\/wp-content\/uploads\/2022\/11\/DSC05682_w-1024x681.jpg 1024w, https:\/\/cplarraga.educacion.navarra.es\/web\/wp-content\/uploads\/2022\/11\/DSC05682_w-300x199.jpg 300w, https:\/\/cplarraga.educacion.navarra.es\/web\/wp-content\/uploads\/2022\/11\/DSC05682_w-768x510.jpg 768w, https:\/\/cplarraga.educacion.navarra.es\/web\/wp-content\/uploads\/2022\/11\/DSC05682_w-1536x1021.jpg 1536w, https:\/\/cplarraga.educacion.navarra.es\/web\/wp-content\/uploads\/2022\/11\/DSC05682_w.jpg 1965w\" sizes=\"(max-width: 512px) 100vw, 512px\" \/><\/figure><\/div>\n\n\n\n<div class=\"wp-block-image\"><figure class=\"aligncenter size-large is-resized\"><img loading=\"lazy\" src=\"https:\/\/cplarraga.educacion.navarra.es\/web\/wp-content\/uploads\/2022\/11\/DSC05681_w-1024x681.jpg\" alt=\"\" class=\"wp-image-8075\" width=\"512\" height=\"341\" srcset=\"https:\/\/cplarraga.educacion.navarra.es\/web\/wp-content\/uploads\/2022\/11\/DSC05681_w-1024x681.jpg 1024w, https:\/\/cplarraga.educacion.navarra.es\/web\/wp-content\/uploads\/2022\/11\/DSC05681_w-300x199.jpg 300w, https:\/\/cplarraga.educacion.navarra.es\/web\/wp-content\/uploads\/2022\/11\/DSC05681_w-768x510.jpg 768w, https:\/\/cplarraga.educacion.navarra.es\/web\/wp-content\/uploads\/2022\/11\/DSC05681_w-1536x1021.jpg 1536w, https:\/\/cplarraga.educacion.navarra.es\/web\/wp-content\/uploads\/2022\/11\/DSC05681_w.jpg 1965w\" sizes=\"(max-width: 512px) 100vw, 512px\" \/><\/figure><\/div>\n\n\n\n<div class=\"wp-block-image\"><figure class=\"aligncenter size-large is-resized\"><img loading=\"lazy\" src=\"https:\/\/cplarraga.educacion.navarra.es\/web\/wp-content\/uploads\/2022\/11\/DSC05678_w-1024x681.jpg\" alt=\"\" class=\"wp-image-8074\" width=\"512\" height=\"341\" srcset=\"https:\/\/cplarraga.educacion.navarra.es\/web\/wp-content\/uploads\/2022\/11\/DSC05678_w-1024x681.jpg 1024w, https:\/\/cplarraga.educacion.navarra.es\/web\/wp-content\/uploads\/2022\/11\/DSC05678_w-300x199.jpg 300w, https:\/\/cplarraga.educacion.navarra.es\/web\/wp-content\/uploads\/2022\/11\/DSC05678_w-768x510.jpg 768w, https:\/\/cplarraga.educacion.navarra.es\/web\/wp-content\/uploads\/2022\/11\/DSC05678_w-1536x1021.jpg 1536w, https:\/\/cplarraga.educacion.navarra.es\/web\/wp-content\/uploads\/2022\/11\/DSC05678_w.jpg 1965w\" sizes=\"(max-width: 512px) 100vw, 512px\" \/><\/figure><\/div>\n\n\n\n<div class=\"wp-block-image\"><figure class=\"aligncenter size-large is-resized\"><img loading=\"lazy\" src=\"https:\/\/cplarraga.educacion.navarra.es\/web\/wp-content\/uploads\/2022\/11\/DSC05675_w-1024x681.jpg\" alt=\"\" class=\"wp-image-8072\" width=\"512\" height=\"341\" srcset=\"https:\/\/cplarraga.educacion.navarra.es\/web\/wp-content\/uploads\/2022\/11\/DSC05675_w-1024x681.jpg 1024w, https:\/\/cplarraga.educacion.navarra.es\/web\/wp-content\/uploads\/2022\/11\/DSC05675_w-300x199.jpg 300w, https:\/\/cplarraga.educacion.navarra.es\/web\/wp-content\/uploads\/2022\/11\/DSC05675_w-768x510.jpg 768w, https:\/\/cplarraga.educacion.navarra.es\/web\/wp-content\/uploads\/2022\/11\/DSC05675_w-1536x1021.jpg 1536w, https:\/\/cplarraga.educacion.navarra.es\/web\/wp-content\/uploads\/2022\/11\/DSC05675_w.jpg 1965w\" sizes=\"(max-width: 512px) 100vw, 512px\" \/><\/figure><\/div>\n\n\n\n<div class=\"wp-block-image\"><figure class=\"aligncenter size-large is-resized\"><img loading=\"lazy\" src=\"https:\/\/cplarraga.educacion.navarra.es\/web\/wp-content\/uploads\/2022\/11\/DSC05670_w-1024x681.jpg\" alt=\"\" class=\"wp-image-8070\" width=\"512\" height=\"341\" srcset=\"https:\/\/cplarraga.educacion.navarra.es\/web\/wp-content\/uploads\/2022\/11\/DSC05670_w-1024x681.jpg 1024w, https:\/\/cplarraga.educacion.navarra.es\/web\/wp-content\/uploads\/2022\/11\/DSC05670_w-300x199.jpg 300w, https:\/\/cplarraga.educacion.navarra.es\/web\/wp-content\/uploads\/2022\/11\/DSC05670_w-768x510.jpg 768w, https:\/\/cplarraga.educacion.navarra.es\/web\/wp-content\/uploads\/2022\/11\/DSC05670_w-1536x1021.jpg 1536w, https:\/\/cplarraga.educacion.navarra.es\/web\/wp-content\/uploads\/2022\/11\/DSC05670_w.jpg 1965w\" sizes=\"(max-width: 512px) 100vw, 512px\" \/><\/figure><\/div>\n\n\n\n<div class=\"wp-block-image\"><figure class=\"aligncenter size-large is-resized\"><img loading=\"lazy\" src=\"https:\/\/cplarraga.educacion.navarra.es\/web\/wp-content\/uploads\/2022\/11\/DSC05662_w-1024x681.jpg\" alt=\"\" class=\"wp-image-8067\" width=\"512\" height=\"341\" srcset=\"https:\/\/cplarraga.educacion.navarra.es\/web\/wp-content\/uploads\/2022\/11\/DSC05662_w-1024x681.jpg 1024w, https:\/\/cplarraga.educacion.navarra.es\/web\/wp-content\/uploads\/2022\/11\/DSC05662_w-300x199.jpg 300w, https:\/\/cplarraga.educacion.navarra.es\/web\/wp-content\/uploads\/2022\/11\/DSC05662_w-768x510.jpg 768w, https:\/\/cplarraga.educacion.navarra.es\/web\/wp-content\/uploads\/2022\/11\/DSC05662_w-1536x1021.jpg 1536w, https:\/\/cplarraga.educacion.navarra.es\/web\/wp-content\/uploads\/2022\/11\/DSC05662_w.jpg 1965w\" sizes=\"(max-width: 512px) 100vw, 512px\" \/><\/figure><\/div>\n","protected":false},"excerpt":{"rendered":"<p>Si me quieres, no me humilles, qui\u00e9reme.<\/p>\n","protected":false},"author":6,"featured_media":8019,"comment_status":"open","ping_status":"open","sticky":false,"template":"","format":"standard","meta":{"_genesis_hide_title":false,"_genesis_hide_breadcrumbs":false,"_genesis_hide_singular_image":false,"_genesis_hide_footer_widgets":false,"_genesis_custom_body_class":"","_genesis_custom_post_class":"","_genesis_layout":""},"categories":[1],"tags":[],"_links":{"self":[{"href":"https:\/\/cplarraga.educacion.navarra.es\/web\/wp-json\/wp\/v2\/posts\/8014"}],"collection":[{"href":"https:\/\/cplarraga.educacion.navarra.es\/web\/wp-json\/wp\/v2\/posts"}],"about":[{"href":"https:\/\/cplarraga.educacion.navarra.es\/web\/wp-json\/wp\/v2\/types\/post"}],"author":[{"embeddable":true,"href":"https:\/\/cplarraga.educacion.navarra.es\/web\/wp-json\/wp\/v2\/users\/6"}],"replies":[{"embeddable":true,"href":"https:\/\/cplarraga.educacion.navarra.es\/web\/wp-json\/wp\/v2\/comments?post=8014"}],"version-history":[{"count":19,"href":"https:\/\/cplarraga.educacion.navarra.es\/web\/wp-json\/wp\/v2\/posts\/8014\/revisions"}],"predecessor-version":[{"id":8169,"href":"https:\/\/cplarraga.educacion.navarra.es\/web\/wp-json\/wp\/v2\/posts\/8014\/revisions\/8169"}],"wp:featuredmedia":[{"embeddable":true,"href":"https:\/\/cplarraga.educacion.navarra.es\/web\/wp-json\/wp\/v2\/media\/8019"}],"wp:attachment":[{"href":"https:\/\/cplarraga.educacion.navarra.es\/web\/wp-json\/wp\/v2\/media?parent=8014"}],"wp:term":[{"taxonomy":"category","embeddable":true,"href":"https:\/\/cplarraga.educacion.navarra.es\/web\/wp-json\/wp\/v2\/categories?post=8014"},{"taxonomy":"post_tag","embeddable":true,"href":"https:\/\/cplarraga.educacion.navarra.es\/web\/wp-json\/wp\/v2\/tags?post=8014"}],"curies":[{"name":"wp","href":"https:\/\/api.w.org\/{rel}","templated":true}]}}