{"id":6293,"date":"2021-12-16T10:08:50","date_gmt":"2021-12-16T09:08:50","guid":{"rendered":"https:\/\/cplarraga.educacion.navarra.es\/web\/?p=6293"},"modified":"2021-12-16T10:09:38","modified_gmt":"2021-12-16T09:09:38","slug":"consulta-de-notas-y-cuentacuentos-biblioteca","status":"publish","type":"post","link":"https:\/\/cplarraga.educacion.navarra.es\/web\/blog\/consulta-de-notas-y-cuentacuentos-biblioteca\/","title":{"rendered":"Consulta de notas y cuentacuentos Biblioteca"},"content":{"rendered":"\n<p>Estimada familia,<\/p>\n\n\n\n<p>El d\u00eda&nbsp;<strong>21 de diciembre<\/strong>, a lo largo de la ma\u00f1ana, estar\u00e1n disponibles para su&nbsp;<strong>consulta&nbsp;las notas<\/strong>&nbsp;de vuestras hijas e hijos por medio de internet, en el&nbsp;portal Educa&nbsp;del Departamento de Educaci\u00f3n.<\/p>\n\n\n\n<p>Los padres y madres que no conozc\u00e1is, o hay\u00e1is olvidado, vuestro&nbsp;usuario y contrase\u00f1a pod\u00e9is solicitarlo en este mismo correo electr\u00f3nico y os contestaremos lo antes posible.<\/p>\n\n\n\n<p>Por otra parte, os informamos de un <strong>cuentacuentos<\/strong> el d\u00eda 22 de diciembre en la <strong>Biblioteca de Larraga<\/strong> para ni\u00f1as y ni\u00f1os de entre 5 y 8 a\u00f1os.<br><\/p>\n\n\n\n<p>Un saludo,<\/p>\n\n\n\n<p>El colegio<\/p>\n\n\n\n<figure class=\"wp-block-image size-full is-resized\"><img loading=\"lazy\" src=\"https:\/\/cplarraga.educacion.navarra.es\/web\/wp-content\/uploads\/2021\/12\/BibliotecaLarraga_kamisibai_22.jpg\" alt=\"\" class=\"wp-image-6292\" width=\"480\" height=\"360\" srcset=\"https:\/\/cplarraga.educacion.navarra.es\/web\/wp-content\/uploads\/2021\/12\/BibliotecaLarraga_kamisibai_22.jpg 960w, https:\/\/cplarraga.educacion.navarra.es\/web\/wp-content\/uploads\/2021\/12\/BibliotecaLarraga_kamisibai_22-300x225.jpg 300w, https:\/\/cplarraga.educacion.navarra.es\/web\/wp-content\/uploads\/2021\/12\/BibliotecaLarraga_kamisibai_22-768x576.jpg 768w\" sizes=\"(max-width: 480px) 100vw, 480px\" \/><\/figure>\n","protected":false},"excerpt":{"rendered":"<p>A partir del 21 de diciembre.<\/p>\n","protected":false},"author":6,"featured_media":4600,"comment_status":"open","ping_status":"open","sticky":false,"template":"","format":"standard","meta":{"_genesis_hide_title":false,"_genesis_hide_breadcrumbs":false,"_genesis_hide_singular_image":false,"_genesis_hide_footer_widgets":false,"_genesis_custom_body_class":"","_genesis_custom_post_class":"","_genesis_layout":""},"categories":[7,1],"tags":[],"_links":{"self":[{"href":"https:\/\/cplarraga.educacion.navarra.es\/web\/wp-json\/wp\/v2\/posts\/6293"}],"collection":[{"href":"https:\/\/cplarraga.educacion.navarra.es\/web\/wp-json\/wp\/v2\/posts"}],"about":[{"href":"https:\/\/cplarraga.educacion.navarra.es\/web\/wp-json\/wp\/v2\/types\/post"}],"author":[{"embeddable":true,"href":"https:\/\/cplarraga.educacion.navarra.es\/web\/wp-json\/wp\/v2\/users\/6"}],"replies":[{"embeddable":true,"href":"https:\/\/cplarraga.educacion.navarra.es\/web\/wp-json\/wp\/v2\/comments?post=6293"}],"version-history":[{"count":2,"href":"https:\/\/cplarraga.educacion.navarra.es\/web\/wp-json\/wp\/v2\/posts\/6293\/revisions"}],"predecessor-version":[{"id":6295,"href":"https:\/\/cplarraga.educacion.navarra.es\/web\/wp-json\/wp\/v2\/posts\/6293\/revisions\/6295"}],"wp:featuredmedia":[{"embeddable":true,"href":"https:\/\/cplarraga.educacion.navarra.es\/web\/wp-json\/wp\/v2\/media\/4600"}],"wp:attachment":[{"href":"https:\/\/cplarraga.educacion.navarra.es\/web\/wp-json\/wp\/v2\/media?parent=6293"}],"wp:term":[{"taxonomy":"category","embeddable":true,"href":"https:\/\/cplarraga.educacion.navarra.es\/web\/wp-json\/wp\/v2\/categories?post=6293"},{"taxonomy":"post_tag","embeddable":true,"href":"https:\/\/cplarraga.educacion.navarra.es\/web\/wp-json\/wp\/v2\/tags?post=6293"}],"curies":[{"name":"wp","href":"https:\/\/api.w.org\/{rel}","templated":true}]}}