{"id":6175,"date":"2021-11-23T18:33:26","date_gmt":"2021-11-23T17:33:26","guid":{"rendered":"https:\/\/cplarraga.educacion.navarra.es\/web\/?p=6175"},"modified":"2021-11-24T18:44:36","modified_gmt":"2021-11-24T17:44:36","slug":"whatsapp-y-modificacion-de-la-jornada-continua","status":"publish","type":"post","link":"https:\/\/cplarraga.educacion.navarra.es\/web\/blog\/whatsapp-y-modificacion-de-la-jornada-continua\/","title":{"rendered":"Whatsapp y modificaci\u00f3n de la jornada continua"},"content":{"rendered":"\n<div class=\"wp-block-media-text alignwide is-stacked-on-mobile\"><figure class=\"wp-block-media-text__media\"><img loading=\"lazy\" width=\"176\" height=\"340\" src=\"https:\/\/cplarraga.educacion.navarra.es\/web\/wp-content\/uploads\/2021\/11\/whatsapp-1183721__340.jpg\" alt=\"\" class=\"wp-image-6176 size-full\" srcset=\"https:\/\/cplarraga.educacion.navarra.es\/web\/wp-content\/uploads\/2021\/11\/whatsapp-1183721__340.jpg 176w, https:\/\/cplarraga.educacion.navarra.es\/web\/wp-content\/uploads\/2021\/11\/whatsapp-1183721__340-155x300.jpg 155w\" sizes=\"(max-width: 176px) 100vw, 176px\" \/><\/figure><div class=\"wp-block-media-text__content\">\n<p>El Colegio P\u00fablico San Miguel de Larraga ha puesto en funcionamiento un servicio de comunicaci\u00f3n con vosotras por medio de <strong>whatsapp <\/strong>con el n\u00famero<strong> (610 66 02 18).<\/strong><\/p>\n\n\n\n<p>El objetivo es disponer de una comunicaci\u00f3n m\u00e1s fluida e inmediata a trav\u00e9s de tel\u00e9fono m\u00f3vil.&nbsp;<\/p>\n\n\n\n<p>Es importante que sep\u00e1is que la <strong>comunicaci\u00f3n <\/strong>siempre ser\u00e1 en la direcci\u00f3n <strong>colegio\u2192familia<\/strong>. Es decir, el colegio enviar\u00e1 mensajes whatsapp y la familia los recibir\u00e1, pero el colegio no atender\u00e1 los mensajes recibidos a trav\u00e9s de este canal ni las llamadas telef\u00f3nicas en este nuevo n\u00famero.<\/p>\n\n\n\n<p>Las personas que est\u00e9n <strong>interesadas <\/strong>en este servicio deben hacer dos <strong>acciones <\/strong>en sus propios tel\u00e9fonos:<\/p>\n\n\n\n<ol><li>A\u00f1adir un nuevo contacto para el colegio con el n\u00famero de tel\u00e9fono 610 66 02 18.<\/li><li>Enviar un mensaje por whatsapp con la palabra \u201c<strong>ALTA<\/strong>\u201d y nombre y apellidos de sus hijos o hijas.<\/li><\/ol>\n<\/div><\/div>\n\n\n\n<hr class=\"wp-block-separator\"\/>\n\n\n\n<iframe loading=\"lazy\" src=\"https:\/\/docs.google.com\/presentation\/d\/1ZrZnP7YSa76_BiC2Uo-QwabSCozQf80FgOMVnIFd9Yg\/embed?start=true&amp;loop=true&amp;delayms=6000\" allowfullscreen=\"true\" mozallowfullscreen=\"true\" webkitallowfullscreen=\"true\" width=\"640\" height=\"480\" frameborder=\"0\"><\/iframe>\n","protected":false},"excerpt":{"rendered":"<p>Creaci\u00f3n de grupo de difusi\u00f3n y modificaci\u00f3n jornada continua 2021-22.<\/p>\n","protected":false},"author":6,"featured_media":6182,"comment_status":"open","ping_status":"open","sticky":false,"template":"","format":"standard","meta":{"_genesis_hide_title":false,"_genesis_hide_breadcrumbs":false,"_genesis_hide_singular_image":false,"_genesis_hide_footer_widgets":false,"_genesis_custom_body_class":"","_genesis_custom_post_class":"","_genesis_layout":""},"categories":[4,1],"tags":[],"_links":{"self":[{"href":"https:\/\/cplarraga.educacion.navarra.es\/web\/wp-json\/wp\/v2\/posts\/6175"}],"collection":[{"href":"https:\/\/cplarraga.educacion.navarra.es\/web\/wp-json\/wp\/v2\/posts"}],"about":[{"href":"https:\/\/cplarraga.educacion.navarra.es\/web\/wp-json\/wp\/v2\/types\/post"}],"author":[{"embeddable":true,"href":"https:\/\/cplarraga.educacion.navarra.es\/web\/wp-json\/wp\/v2\/users\/6"}],"replies":[{"embeddable":true,"href":"https:\/\/cplarraga.educacion.navarra.es\/web\/wp-json\/wp\/v2\/comments?post=6175"}],"version-history":[{"count":7,"href":"https:\/\/cplarraga.educacion.navarra.es\/web\/wp-json\/wp\/v2\/posts\/6175\/revisions"}],"predecessor-version":[{"id":6190,"href":"https:\/\/cplarraga.educacion.navarra.es\/web\/wp-json\/wp\/v2\/posts\/6175\/revisions\/6190"}],"wp:featuredmedia":[{"embeddable":true,"href":"https:\/\/cplarraga.educacion.navarra.es\/web\/wp-json\/wp\/v2\/media\/6182"}],"wp:attachment":[{"href":"https:\/\/cplarraga.educacion.navarra.es\/web\/wp-json\/wp\/v2\/media?parent=6175"}],"wp:term":[{"taxonomy":"category","embeddable":true,"href":"https:\/\/cplarraga.educacion.navarra.es\/web\/wp-json\/wp\/v2\/categories?post=6175"},{"taxonomy":"post_tag","embeddable":true,"href":"https:\/\/cplarraga.educacion.navarra.es\/web\/wp-json\/wp\/v2\/tags?post=6175"}],"curies":[{"name":"wp","href":"https:\/\/api.w.org\/{rel}","templated":true}]}}