{"id":5936,"date":"2021-10-21T16:09:07","date_gmt":"2021-10-21T14:09:07","guid":{"rendered":"https:\/\/cplarraga.educacion.navarra.es\/web\/?p=5936"},"modified":"2021-10-29T10:58:18","modified_gmt":"2021-10-29T08:58:18","slug":"avanzando-hacia-la-igualdad","status":"publish","type":"post","link":"https:\/\/cplarraga.educacion.navarra.es\/web\/blog\/avanzando-hacia-la-igualdad\/","title":{"rendered":"2021 Avanzando hacia la igualdad"},"content":{"rendered":"\n<figure class=\"wp-block-image size-full is-style-default\"><img loading=\"lazy\" width=\"819\" height=\"304\" src=\"https:\/\/cplarraga.educacion.navarra.es\/web\/wp-content\/uploads\/2021\/10\/Igualdad_definicion_RAE.jpg\" alt=\"\" class=\"wp-image-5937\" srcset=\"https:\/\/cplarraga.educacion.navarra.es\/web\/wp-content\/uploads\/2021\/10\/Igualdad_definicion_RAE.jpg 819w, https:\/\/cplarraga.educacion.navarra.es\/web\/wp-content\/uploads\/2021\/10\/Igualdad_definicion_RAE-300x111.jpg 300w, https:\/\/cplarraga.educacion.navarra.es\/web\/wp-content\/uploads\/2021\/10\/Igualdad_definicion_RAE-768x285.jpg 768w\" sizes=\"(max-width: 819px) 100vw, 819px\" \/><figcaption><em><sub>REAL ACADEMIA ESPA\u00d1OLA<\/sub><\/em><\/figcaption><\/figure>\n\n\n\n<p>La igualdad es una base fundamental hacia la que todas y todos debemos dirigirnos. El camino tiene su inicio en la infancia y ni\u00f1ez de toda persona, en muchos lugares y espacios, entre ellos la escuela.<\/p>\n\n\n\n<p>En esta actividad el alumnado de <strong>6\u00ba de Primaria<\/strong> del Colegio P\u00fablico San Miguel de Larraga hemos trabajado en clase la <strong>igualdad <\/strong>y la <strong>diversidad <\/strong>a trav\u00e9s de un cuentacuentos. <\/p>\n\n\n\n<blockquote class=\"wp-block-quote\"><p>Para realizar este proyecto hemos seleccionado unos cuentos de diferentes tem\u00e1ticas. Despu\u00e9s, nos los hemos le\u00eddo repetidamente hasta aprend\u00e9rnoslos. Para narrar bien un cuento hemos intentado usar cambios de voz, hacer preguntas a los y las espectadoras, utilizar tambi\u00e9n la expresi\u00f3n corporal, hablar claro y alto . . . todo un aprendizaje.<\/p><cite>\u00a1Esperamos entreteneros con ellos!<\/cite><\/blockquote>\n\n\n\n<hr class=\"wp-block-separator\"\/>\n\n\n\n<iframe loading=\"lazy\" src=\"https:\/\/drive.google.com\/file\/d\/1ySflT64ZoVw1SmBJDtX2y0MD73yRB63S\/preview\" allow=\"autoplay\" width=\"640\" height=\"480\"><\/iframe>\n\n\n\n<hr class=\"wp-block-separator\"\/>\n\n\n\n<div style=\"width: 100%;\"><div style=\"position: relative; padding-bottom: 56.25%; padding-top: 0; height: 0;\"><iframe loading=\"lazy\" style=\"position: absolute; top: 0; left: 0; width: \" 640\";=\"\" height:=\"\" \"480\";\"=\"\" src=\"https:\/\/view.genial.ly\/6167e492c9718d0df2e456fb\" type=\"text\/html\" allowscriptaccess=\"always\" allowfullscreen=\"true\" scrolling=\"yes\" allownetworking=\"all\" width=\"640\" height=\"480\" frameborder=\"0\"><\/iframe> <\/div> <\/div>\n\n\n\n<hr class=\"wp-block-separator\"\/>\n\n\n\n<iframe loading=\"lazy\" src=\"https:\/\/drive.google.com\/file\/d\/1obWUQquvZ286zLqTnSOxLinfiXNEHedM\/preview\" allow=\"autoplay\" width=\"640\" height=\"480\"><\/iframe>\n","protected":false},"excerpt":{"rendered":"<p>Principio que reconoce la equiparaci\u00f3n de todos los ciudadanos en derechos y obligaciones.<\/p>\n","protected":false},"author":6,"featured_media":5949,"comment_status":"open","ping_status":"open","sticky":false,"template":"","format":"standard","meta":{"_genesis_hide_title":false,"_genesis_hide_breadcrumbs":false,"_genesis_hide_singular_image":false,"_genesis_hide_footer_widgets":false,"_genesis_custom_body_class":"","_genesis_custom_post_class":"","_genesis_layout":""},"categories":[4,1],"tags":[],"_links":{"self":[{"href":"https:\/\/cplarraga.educacion.navarra.es\/web\/wp-json\/wp\/v2\/posts\/5936"}],"collection":[{"href":"https:\/\/cplarraga.educacion.navarra.es\/web\/wp-json\/wp\/v2\/posts"}],"about":[{"href":"https:\/\/cplarraga.educacion.navarra.es\/web\/wp-json\/wp\/v2\/types\/post"}],"author":[{"embeddable":true,"href":"https:\/\/cplarraga.educacion.navarra.es\/web\/wp-json\/wp\/v2\/users\/6"}],"replies":[{"embeddable":true,"href":"https:\/\/cplarraga.educacion.navarra.es\/web\/wp-json\/wp\/v2\/comments?post=5936"}],"version-history":[{"count":25,"href":"https:\/\/cplarraga.educacion.navarra.es\/web\/wp-json\/wp\/v2\/posts\/5936\/revisions"}],"predecessor-version":[{"id":6064,"href":"https:\/\/cplarraga.educacion.navarra.es\/web\/wp-json\/wp\/v2\/posts\/5936\/revisions\/6064"}],"wp:featuredmedia":[{"embeddable":true,"href":"https:\/\/cplarraga.educacion.navarra.es\/web\/wp-json\/wp\/v2\/media\/5949"}],"wp:attachment":[{"href":"https:\/\/cplarraga.educacion.navarra.es\/web\/wp-json\/wp\/v2\/media?parent=5936"}],"wp:term":[{"taxonomy":"category","embeddable":true,"href":"https:\/\/cplarraga.educacion.navarra.es\/web\/wp-json\/wp\/v2\/categories?post=5936"},{"taxonomy":"post_tag","embeddable":true,"href":"https:\/\/cplarraga.educacion.navarra.es\/web\/wp-json\/wp\/v2\/tags?post=5936"}],"curies":[{"name":"wp","href":"https:\/\/api.w.org\/{rel}","templated":true}]}}