{"id":5901,"date":"2021-09-27T09:21:43","date_gmt":"2021-09-27T07:21:43","guid":{"rendered":"https:\/\/cplarraga.educacion.navarra.es\/web\/?p=5901"},"modified":"2021-10-11T18:57:34","modified_gmt":"2021-10-11T16:57:34","slug":"extraescolares-matriculacion","status":"publish","type":"post","link":"https:\/\/cplarraga.educacion.navarra.es\/web\/blog\/extraescolares-matriculacion\/","title":{"rendered":"Extraescolares matriculaci\u00f3n"},"content":{"rendered":"\n<p>Las listas definitivas con el alumnado inscrito en las actividades extraescolares son las siguientes, ordenadas por d\u00edas de lunes a jueves.<\/p>\n\n\n\n<p>En el caso que las madres o padres encuentren alguna diferencia en la matr\u00edcula de su hijo o hija respecto al impreso rellenado podr\u00e1n acudir a secretar\u00eda.<\/p>\n\n\n\n<p><\/p>\n\n\n\n<ul><li>No se admitir\u00e1n nuevas matr\u00edculas una vez finalizado el per\u00edodo destinado a tal fin (23 de septiembre) en las actividaes impartidas por el personal docente del centro.<\/li><li>Para nuevas matr\u00edculas de talleres impartidos por personal ajeno al centro se analizar\u00e1 su posibilidad con dicho personal.<\/li><li>Si un taller organizado por personal ajeno no sale adelante, las alumnas y alumnos matriculados tendr\u00e1n la posibilidad de inscribirse en otra actividad en esa misma franja horaria.<\/li><\/ul>\n\n\n\n<p class=\"has-text-align-center has-cyan-bluish-gray-background-color has-background has-medium-font-size\">Lunes<\/p>\n\n\n\n<div class=\"wp-block-file\"><object class=\"wp-block-file__embed\" data=\"https:\/\/cplarraga.educacion.navarra.es\/web\/wp-content\/uploads\/2021\/09\/Lunes_1.pdf\" type=\"application\/pdf\" style=\"width:100%;height:100px\" aria-label=\"Incrustado de Lunes_1.\"><\/object><\/div>\n\n\n\n<p class=\"has-text-align-center has-cyan-bluish-gray-background-color has-background has-medium-font-size\">Martes<\/p>\n\n\n\n<div class=\"wp-block-file\"><object class=\"wp-block-file__embed\" data=\"https:\/\/cplarraga.educacion.navarra.es\/web\/wp-content\/uploads\/2021\/09\/Martes_1.pdf\" type=\"application\/pdf\" style=\"width:100%;height:100px\" aria-label=\"Incrustado de Martes_1.\"><\/object><\/div>\n\n\n\n<p class=\"has-text-align-center has-cyan-bluish-gray-background-color has-background has-medium-font-size\">Mi\u00e9rcoles<\/p>\n\n\n\n<div class=\"wp-block-file\"><object class=\"wp-block-file__embed\" data=\"https:\/\/cplarraga.educacion.navarra.es\/web\/wp-content\/uploads\/2021\/09\/Miercoles_1.pdf\" type=\"application\/pdf\" style=\"width:100%;height:100px\" aria-label=\"Incrustado de Mi\u00e9rcoles_1.\"><\/object><\/div>\n\n\n\n<p class=\"has-text-align-center has-cyan-bluish-gray-background-color has-background has-medium-font-size\">Jueves<\/p>\n\n\n\n<div class=\"wp-block-file\"><object class=\"wp-block-file__embed\" data=\"https:\/\/cplarraga.educacion.navarra.es\/web\/wp-content\/uploads\/2021\/09\/Jueves_1.pdf\" type=\"application\/pdf\" style=\"width:100%;height:100px\" aria-label=\"Incrustado de Jueves_1.\"><\/object><\/div>\n","protected":false},"excerpt":{"rendered":"<p>Detalles de las personas inscritas en las actividades extraescolares.<\/p>\n","protected":false},"author":6,"featured_media":0,"comment_status":"open","ping_status":"open","sticky":false,"template":"","format":"standard","meta":{"_genesis_hide_title":false,"_genesis_hide_breadcrumbs":false,"_genesis_hide_singular_image":false,"_genesis_hide_footer_widgets":false,"_genesis_custom_body_class":"","_genesis_custom_post_class":"","_genesis_layout":""},"categories":[4,1],"tags":[],"_links":{"self":[{"href":"https:\/\/cplarraga.educacion.navarra.es\/web\/wp-json\/wp\/v2\/posts\/5901"}],"collection":[{"href":"https:\/\/cplarraga.educacion.navarra.es\/web\/wp-json\/wp\/v2\/posts"}],"about":[{"href":"https:\/\/cplarraga.educacion.navarra.es\/web\/wp-json\/wp\/v2\/types\/post"}],"author":[{"embeddable":true,"href":"https:\/\/cplarraga.educacion.navarra.es\/web\/wp-json\/wp\/v2\/users\/6"}],"replies":[{"embeddable":true,"href":"https:\/\/cplarraga.educacion.navarra.es\/web\/wp-json\/wp\/v2\/comments?post=5901"}],"version-history":[{"count":7,"href":"https:\/\/cplarraga.educacion.navarra.es\/web\/wp-json\/wp\/v2\/posts\/5901\/revisions"}],"predecessor-version":[{"id":5923,"href":"https:\/\/cplarraga.educacion.navarra.es\/web\/wp-json\/wp\/v2\/posts\/5901\/revisions\/5923"}],"wp:attachment":[{"href":"https:\/\/cplarraga.educacion.navarra.es\/web\/wp-json\/wp\/v2\/media?parent=5901"}],"wp:term":[{"taxonomy":"category","embeddable":true,"href":"https:\/\/cplarraga.educacion.navarra.es\/web\/wp-json\/wp\/v2\/categories?post=5901"},{"taxonomy":"post_tag","embeddable":true,"href":"https:\/\/cplarraga.educacion.navarra.es\/web\/wp-json\/wp\/v2\/tags?post=5901"}],"curies":[{"name":"wp","href":"https:\/\/api.w.org\/{rel}","templated":true}]}}