{"id":5872,"date":"2021-09-08T16:31:16","date_gmt":"2021-09-08T14:31:16","guid":{"rendered":"https:\/\/cplarraga.educacion.navarra.es\/web\/?p=5872"},"modified":"2021-09-09T12:02:26","modified_gmt":"2021-09-09T10:02:26","slug":"mejorando-la-alimentacion-en-edad-escolar","status":"publish","type":"post","link":"https:\/\/cplarraga.educacion.navarra.es\/web\/blog\/mejorando-la-alimentacion-en-edad-escolar\/","title":{"rendered":"Mejorando la alimentaci\u00f3n en edad escolar"},"content":{"rendered":"\n<p> \u201cMejorando la alimentaci\u00f3n en edad escolar\u201d, material elaborado en la Secci\u00f3n de Promoci\u00f3n de la Salud y Salud en todas las Pol\u00edticas. <\/p>\n\n\n\n<p>Folleto, disponible en euskera y en castellano, est\u00e1 dirigido a madres y padres de centros escolares de primaria y secundaria, contiene recomendaciones sobre alimentaci\u00f3n saludable en la infancia y adolescencia. <\/p>\n\n\n\n<figure class=\"wp-block-table\"><table><tbody><tr><td> <a href=\"https:\/\/drive.google.com\/file\/d\/1mWXJjrJTdG2GFJ3vs96Vf4kg9cx8be-C\/view?usp=sharing\" target=\"_blank\" rel=\"noreferrer noopener\">Mejorando la alimentaci\u00f3n en edad escolar<\/a> <\/td><td><a href=\"https:\/\/drive.google.com\/file\/d\/19qyLXChQox1LKR_nJAOpqBpoedL3v1fX\/view?usp=sharing\" target=\"_blank\" rel=\"noreferrer noopener\">Elikadura hobetzen eskola adinean<\/a><\/td><\/tr><\/tbody><\/table><\/figure>\n\n\n\n<figure class=\"wp-block-image size-full\"><img loading=\"lazy\" width=\"888\" height=\"479\" src=\"https:\/\/cplarraga.educacion.navarra.es\/web\/wp-content\/uploads\/2021\/09\/MejorandoLaAlimentacionEdadEscolar.jpg\" alt=\"\" class=\"wp-image-5877\" srcset=\"https:\/\/cplarraga.educacion.navarra.es\/web\/wp-content\/uploads\/2021\/09\/MejorandoLaAlimentacionEdadEscolar.jpg 888w, https:\/\/cplarraga.educacion.navarra.es\/web\/wp-content\/uploads\/2021\/09\/MejorandoLaAlimentacionEdadEscolar-300x162.jpg 300w, https:\/\/cplarraga.educacion.navarra.es\/web\/wp-content\/uploads\/2021\/09\/MejorandoLaAlimentacionEdadEscolar-768x414.jpg 768w\" sizes=\"(max-width: 888px) 100vw, 888px\" \/><\/figure>\n","protected":false},"excerpt":{"rendered":"<p>Alimentaci\u00f3n saludable, importancia para aprender, crecer, vivir\u2026<\/p>\n","protected":false},"author":6,"featured_media":5877,"comment_status":"open","ping_status":"open","sticky":false,"template":"","format":"standard","meta":{"_genesis_hide_title":false,"_genesis_hide_breadcrumbs":false,"_genesis_hide_singular_image":false,"_genesis_hide_footer_widgets":false,"_genesis_custom_body_class":"","_genesis_custom_post_class":"","_genesis_layout":""},"categories":[4,1],"tags":[],"_links":{"self":[{"href":"https:\/\/cplarraga.educacion.navarra.es\/web\/wp-json\/wp\/v2\/posts\/5872"}],"collection":[{"href":"https:\/\/cplarraga.educacion.navarra.es\/web\/wp-json\/wp\/v2\/posts"}],"about":[{"href":"https:\/\/cplarraga.educacion.navarra.es\/web\/wp-json\/wp\/v2\/types\/post"}],"author":[{"embeddable":true,"href":"https:\/\/cplarraga.educacion.navarra.es\/web\/wp-json\/wp\/v2\/users\/6"}],"replies":[{"embeddable":true,"href":"https:\/\/cplarraga.educacion.navarra.es\/web\/wp-json\/wp\/v2\/comments?post=5872"}],"version-history":[{"count":6,"href":"https:\/\/cplarraga.educacion.navarra.es\/web\/wp-json\/wp\/v2\/posts\/5872\/revisions"}],"predecessor-version":[{"id":5882,"href":"https:\/\/cplarraga.educacion.navarra.es\/web\/wp-json\/wp\/v2\/posts\/5872\/revisions\/5882"}],"wp:featuredmedia":[{"embeddable":true,"href":"https:\/\/cplarraga.educacion.navarra.es\/web\/wp-json\/wp\/v2\/media\/5877"}],"wp:attachment":[{"href":"https:\/\/cplarraga.educacion.navarra.es\/web\/wp-json\/wp\/v2\/media?parent=5872"}],"wp:term":[{"taxonomy":"category","embeddable":true,"href":"https:\/\/cplarraga.educacion.navarra.es\/web\/wp-json\/wp\/v2\/categories?post=5872"},{"taxonomy":"post_tag","embeddable":true,"href":"https:\/\/cplarraga.educacion.navarra.es\/web\/wp-json\/wp\/v2\/tags?post=5872"}],"curies":[{"name":"wp","href":"https:\/\/api.w.org\/{rel}","templated":true}]}}