{"id":5783,"date":"2021-06-22T15:18:36","date_gmt":"2021-06-22T13:18:36","guid":{"rendered":"https:\/\/cplarraga.educacion.navarra.es\/web\/?p=5783"},"modified":"2021-06-28T07:12:27","modified_gmt":"2021-06-28T05:12:27","slug":"despedida-sexto-curso","status":"publish","type":"post","link":"https:\/\/cplarraga.educacion.navarra.es\/web\/blog\/despedida-sexto-curso\/","title":{"rendered":"Despedida sexto primaria y tercero infantil"},"content":{"rendered":"\n<p>Las chicas y chicos que llegaron en el a\u00f1o  2012 ya han terminado sus estudios en el Colegio P\u00fablico San Miguel de Larraga. Nueve a\u00f1os que han dado para muchas vivencias, alegr\u00edas y alg\u00fan mal rato.<\/p>\n\n\n\n<p>Les hemos acompa\u00f1ado en sus primeros pasos en su formaci\u00f3n acad\u00e9mica y en el aprendizaje de valores humanos, solidarios, de respeto a la diversidad e igualdad entre las personas.<\/p>\n\n\n\n<p>Esperamos que nunca nos olviden, como nosotros y nosotras tampoco lo haremos.<\/p>\n\n\n\n<p><\/p>\n\n\n\n<figure class=\"wp-block-image size-large is-resized is-style-rounded\"><img loading=\"lazy\" src=\"https:\/\/cplarraga.educacion.navarra.es\/web\/wp-content\/uploads\/2021\/06\/20210622_Graduacion_6_IMG-20210622-WA0004-1024x768.jpg\" alt=\"\" class=\"wp-image-5780\" width=\"768\" height=\"576\" srcset=\"https:\/\/cplarraga.educacion.navarra.es\/web\/wp-content\/uploads\/2021\/06\/20210622_Graduacion_6_IMG-20210622-WA0004-1024x768.jpg 1024w, https:\/\/cplarraga.educacion.navarra.es\/web\/wp-content\/uploads\/2021\/06\/20210622_Graduacion_6_IMG-20210622-WA0004-300x225.jpg 300w, https:\/\/cplarraga.educacion.navarra.es\/web\/wp-content\/uploads\/2021\/06\/20210622_Graduacion_6_IMG-20210622-WA0004-768x576.jpg 768w, https:\/\/cplarraga.educacion.navarra.es\/web\/wp-content\/uploads\/2021\/06\/20210622_Graduacion_6_IMG-20210622-WA0004-1536x1152.jpg 1536w, https:\/\/cplarraga.educacion.navarra.es\/web\/wp-content\/uploads\/2021\/06\/20210622_Graduacion_6_IMG-20210622-WA0004.jpg 2000w\" sizes=\"(max-width: 768px) 100vw, 768px\" \/><\/figure>\n\n\n\n<div class=\"wp-block-image is-style-rounded\"><figure class=\"aligncenter size-large is-resized\"><img loading=\"lazy\" src=\"https:\/\/cplarraga.educacion.navarra.es\/web\/wp-content\/uploads\/2021\/06\/20210622_Graduacion_6_IMG-20210622-WA0005-1024x768.jpg\" alt=\"\" class=\"wp-image-5781\" width=\"768\" height=\"576\" srcset=\"https:\/\/cplarraga.educacion.navarra.es\/web\/wp-content\/uploads\/2021\/06\/20210622_Graduacion_6_IMG-20210622-WA0005-1024x768.jpg 1024w, https:\/\/cplarraga.educacion.navarra.es\/web\/wp-content\/uploads\/2021\/06\/20210622_Graduacion_6_IMG-20210622-WA0005-300x225.jpg 300w, https:\/\/cplarraga.educacion.navarra.es\/web\/wp-content\/uploads\/2021\/06\/20210622_Graduacion_6_IMG-20210622-WA0005-768x576.jpg 768w, https:\/\/cplarraga.educacion.navarra.es\/web\/wp-content\/uploads\/2021\/06\/20210622_Graduacion_6_IMG-20210622-WA0005-1536x1152.jpg 1536w, https:\/\/cplarraga.educacion.navarra.es\/web\/wp-content\/uploads\/2021\/06\/20210622_Graduacion_6_IMG-20210622-WA0005.jpg 2000w\" sizes=\"(max-width: 768px) 100vw, 768px\" \/><\/figure><\/div>\n\n\n\n<p><\/p>\n\n\n\n<figure class=\"wp-block-image size-large is-resized is-style-rounded\"><img loading=\"lazy\" src=\"https:\/\/cplarraga.educacion.navarra.es\/web\/wp-content\/uploads\/2021\/06\/20210622_Graduacion_6_IMG-20210622-WA0006-1024x768.jpg\" alt=\"\" class=\"wp-image-5782\" width=\"768\" height=\"576\" srcset=\"https:\/\/cplarraga.educacion.navarra.es\/web\/wp-content\/uploads\/2021\/06\/20210622_Graduacion_6_IMG-20210622-WA0006-1024x768.jpg 1024w, https:\/\/cplarraga.educacion.navarra.es\/web\/wp-content\/uploads\/2021\/06\/20210622_Graduacion_6_IMG-20210622-WA0006-300x225.jpg 300w, https:\/\/cplarraga.educacion.navarra.es\/web\/wp-content\/uploads\/2021\/06\/20210622_Graduacion_6_IMG-20210622-WA0006-768x576.jpg 768w, https:\/\/cplarraga.educacion.navarra.es\/web\/wp-content\/uploads\/2021\/06\/20210622_Graduacion_6_IMG-20210622-WA0006-1536x1152.jpg 1536w, https:\/\/cplarraga.educacion.navarra.es\/web\/wp-content\/uploads\/2021\/06\/20210622_Graduacion_6_IMG-20210622-WA0006.jpg 2000w\" sizes=\"(max-width: 768px) 100vw, 768px\" \/><\/figure>\n\n\n\n<hr class=\"wp-block-separator\"\/>\n\n\n\n<p>Tambi\u00e9n, el alumando de <strong>3\u00ba de Educaci\u00f3n Infantil &#8211; 5 a\u00f1os &#8211;<\/strong> ha finalizado esta etapa y el pr\u00f3ximo curso se incorporar\u00e1 a Primaria. <\/p>\n\n\n\n<p>Un cambio importante que con su alegr\u00eda, curiosidad y capacidad de adaptaci\u00f3n ser\u00e1 un simple reto a superar.<\/p>\n\n\n\n<div class=\"wp-block-image is-style-default\"><figure class=\"aligncenter size-large is-resized\"><img loading=\"lazy\" src=\"https:\/\/cplarraga.educacion.navarra.es\/web\/wp-content\/uploads\/2021\/06\/20210621_5anos_1-1024x768.jpg\" alt=\"\" class=\"wp-image-5808\" width=\"768\" height=\"576\" srcset=\"https:\/\/cplarraga.educacion.navarra.es\/web\/wp-content\/uploads\/2021\/06\/20210621_5anos_1-1024x768.jpg 1024w, https:\/\/cplarraga.educacion.navarra.es\/web\/wp-content\/uploads\/2021\/06\/20210621_5anos_1-300x225.jpg 300w, https:\/\/cplarraga.educacion.navarra.es\/web\/wp-content\/uploads\/2021\/06\/20210621_5anos_1-768x576.jpg 768w, https:\/\/cplarraga.educacion.navarra.es\/web\/wp-content\/uploads\/2021\/06\/20210621_5anos_1-1536x1152.jpg 1536w, https:\/\/cplarraga.educacion.navarra.es\/web\/wp-content\/uploads\/2021\/06\/20210621_5anos_1.jpg 1600w\" sizes=\"(max-width: 768px) 100vw, 768px\" \/><\/figure><\/div>\n\n\n\n<div class=\"wp-block-image is-style-default\"><figure class=\"aligncenter size-large is-resized\"><img loading=\"lazy\" src=\"https:\/\/cplarraga.educacion.navarra.es\/web\/wp-content\/uploads\/2021\/06\/20210621_5anos_2-1024x768.jpg\" alt=\"\" class=\"wp-image-5809\" width=\"768\" height=\"576\" srcset=\"https:\/\/cplarraga.educacion.navarra.es\/web\/wp-content\/uploads\/2021\/06\/20210621_5anos_2-1024x768.jpg 1024w, https:\/\/cplarraga.educacion.navarra.es\/web\/wp-content\/uploads\/2021\/06\/20210621_5anos_2-300x225.jpg 300w, https:\/\/cplarraga.educacion.navarra.es\/web\/wp-content\/uploads\/2021\/06\/20210621_5anos_2-768x576.jpg 768w, https:\/\/cplarraga.educacion.navarra.es\/web\/wp-content\/uploads\/2021\/06\/20210621_5anos_2-1536x1152.jpg 1536w, https:\/\/cplarraga.educacion.navarra.es\/web\/wp-content\/uploads\/2021\/06\/20210621_5anos_2.jpg 1600w\" sizes=\"(max-width: 768px) 100vw, 768px\" \/><\/figure><\/div>\n\n\n\n<div class=\"wp-block-columns\">\n<div class=\"wp-block-column\">\n<div class=\"wp-block-columns\">\n<div class=\"wp-block-column\">\n<p><\/p>\n<\/div>\n<\/div>\n<\/div>\n<\/div>\n\n\n\n<div class=\"wp-block-columns\">\n<div class=\"wp-block-column\" style=\"flex-basis:33.33%\">\n<iframe loading=\"lazy\" src=\"https:\/\/drive.google.com\/file\/d\/1StJRXqgsa8BpxPCj2GJRsF6nknncxIMH\/preview\" allow=\"autoplay\" width=\"640\" height=\"480\"><\/iframe>\n<\/div>\n\n\n\n<div class=\"wp-block-column\" style=\"flex-basis:66.66%\">\n<iframe loading=\"lazy\" src=\"https:\/\/drive.google.com\/file\/d\/1dFDVbcvygHPsvUP8T8tYvAST2yHbRjDr\/preview\" allow=\"autoplay\" width=\"640\" height=\"480\"><\/iframe>\n<\/div>\n<\/div>\n\n\n\n<p><\/p>\n","protected":false},"excerpt":{"rendered":"<p>Una etapa se cierra, otra se abre.<\/p>\n","protected":false},"author":6,"featured_media":5777,"comment_status":"open","ping_status":"open","sticky":false,"template":"","format":"standard","meta":{"_genesis_hide_title":false,"_genesis_hide_breadcrumbs":false,"_genesis_hide_singular_image":false,"_genesis_hide_footer_widgets":false,"_genesis_custom_body_class":"","_genesis_custom_post_class":"","_genesis_layout":""},"categories":[1],"tags":[],"_links":{"self":[{"href":"https:\/\/cplarraga.educacion.navarra.es\/web\/wp-json\/wp\/v2\/posts\/5783"}],"collection":[{"href":"https:\/\/cplarraga.educacion.navarra.es\/web\/wp-json\/wp\/v2\/posts"}],"about":[{"href":"https:\/\/cplarraga.educacion.navarra.es\/web\/wp-json\/wp\/v2\/types\/post"}],"author":[{"embeddable":true,"href":"https:\/\/cplarraga.educacion.navarra.es\/web\/wp-json\/wp\/v2\/users\/6"}],"replies":[{"embeddable":true,"href":"https:\/\/cplarraga.educacion.navarra.es\/web\/wp-json\/wp\/v2\/comments?post=5783"}],"version-history":[{"count":21,"href":"https:\/\/cplarraga.educacion.navarra.es\/web\/wp-json\/wp\/v2\/posts\/5783\/revisions"}],"predecessor-version":[{"id":5829,"href":"https:\/\/cplarraga.educacion.navarra.es\/web\/wp-json\/wp\/v2\/posts\/5783\/revisions\/5829"}],"wp:featuredmedia":[{"embeddable":true,"href":"https:\/\/cplarraga.educacion.navarra.es\/web\/wp-json\/wp\/v2\/media\/5777"}],"wp:attachment":[{"href":"https:\/\/cplarraga.educacion.navarra.es\/web\/wp-json\/wp\/v2\/media?parent=5783"}],"wp:term":[{"taxonomy":"category","embeddable":true,"href":"https:\/\/cplarraga.educacion.navarra.es\/web\/wp-json\/wp\/v2\/categories?post=5783"},{"taxonomy":"post_tag","embeddable":true,"href":"https:\/\/cplarraga.educacion.navarra.es\/web\/wp-json\/wp\/v2\/tags?post=5783"}],"curies":[{"name":"wp","href":"https:\/\/api.w.org\/{rel}","templated":true}]}}