{"id":5728,"date":"2021-06-14T16:02:03","date_gmt":"2021-06-14T14:02:03","guid":{"rendered":"https:\/\/cplarraga.educacion.navarra.es\/web\/?p=5728"},"modified":"2021-06-17T14:55:35","modified_gmt":"2021-06-17T12:55:35","slug":"junio-2021","status":"publish","type":"post","link":"https:\/\/cplarraga.educacion.navarra.es\/web\/blog\/junio-2021\/","title":{"rendered":"\u00daltimas noticias"},"content":{"rendered":"\n<ul><li>Las notas de vuestros hijos e hijas estar\u00e1n disponibles exclusivamente a trav\u00e9s del <strong>portal Educa<\/strong> <a href=\"https:\/\/educa.navarra.es\/\">https:\/\/educa.navarra.es\/<\/a>\u00a0 a partir del <strong>22 de junio<\/strong> a lo largo de la ma\u00f1ana.<\/li><\/ul>\n\n\n\n<ul><li><strong>Calendario escolar<\/strong> para el curso 2021-2022.<\/li><\/ul>\n\n\n\n<ul><li>El pr\u00f3ximo curso el inicio de las clases ser\u00e1 el d\u00eda <strong>8 de septiembre<\/strong> y como consecuencia de la nueva normalidad existir\u00e1n excepcionalmente protocolos y medidas del Instituto de Salud P\u00fablica y del Departamento de Educaci\u00f3n y que tendremos que cumplir. Por ello, siguiendo las instrucciones del Departamento de Educaci\u00f3n habr\u00e1 un cambio de hora en el inicio de las clases. El <strong>nuevo horario lectivo<\/strong> para el alumnado ser\u00e1 de <strong>9:00 a 14:00<\/strong>. Las alumnas y alumnos recibir\u00e1n las mismas horas de clase que reciben actualmente, es decir, 6 sesiones de 45 minutos cada una. Donde habr\u00e1 una peque\u00f1a variaci\u00f3n, ser\u00e1 para poder cumplir el horario en el tiempo de recreo, que disminuir\u00e1 10 minutos. En septiembre, se explicar\u00e1 las novedades y se repasar\u00e1n los aspectos fundamentales del plan de contingencia del centro.<\/li><\/ul>\n\n\n\n<ul><li>Respecto a las actividades extraescolares del pr\u00f3ximo curso, los Departamentos de Educaci\u00f3n y Salud todav\u00eda no han concretado si se impartir\u00e1n o no. Seg\u00fan la evoluci\u00f3n de la actual pandemia, recibiremos nuevas noticias e instrucciones en un sentido u otro y os iremos informando puntualmente.<\/li><\/ul>\n\n\n\n<p><\/p>\n\n\n\n<hr class=\"wp-block-separator\"\/>\n\n\n\n<p class=\"has-text-align-center has-large-font-size\"><strong>Material escolar curso 2021-2022.<\/strong><\/p>\n\n\n\n<div class=\"wp-block-file aligncenter\"><a href=\"https:\/\/cplarraga.educacion.navarra.es\/web\/wp-content\/uploads\/2021\/06\/CPEIP-San-Miguel-Larraga-1o-Primaria_20-21.pdf\">CPEIP San Miguel Larraga 1\u00ba Primaria_20-21<\/a><a href=\"https:\/\/cplarraga.educacion.navarra.es\/web\/wp-content\/uploads\/2021\/06\/CPEIP-San-Miguel-Larraga-1o-Primaria_20-21.pdf\" class=\"wp-block-file__button\" download>Descarga<\/a><\/div>\n\n\n\n<div class=\"wp-block-file aligncenter\"><a href=\"https:\/\/cplarraga.educacion.navarra.es\/web\/wp-content\/uploads\/2021\/06\/CPEIP-San-Miguel-Larraga-2o-Primaria_20-21.pdf\">CPEIP San Miguel Larraga 2\u00ba Primaria_20-21<\/a><a href=\"https:\/\/cplarraga.educacion.navarra.es\/web\/wp-content\/uploads\/2021\/06\/CPEIP-San-Miguel-Larraga-2o-Primaria_20-21.pdf\" class=\"wp-block-file__button\" download>Descarga<\/a><\/div>\n\n\n\n<div class=\"wp-block-file aligncenter\"><a href=\"https:\/\/cplarraga.educacion.navarra.es\/web\/wp-content\/uploads\/2021\/06\/CPEIP-San-Miguel-Larraga-3o-Primaria_20-21.pdf\">CPEIP San Miguel Larraga 3\u00ba Primaria_20-21<\/a><a href=\"https:\/\/cplarraga.educacion.navarra.es\/web\/wp-content\/uploads\/2021\/06\/CPEIP-San-Miguel-Larraga-3o-Primaria_20-21.pdf\" class=\"wp-block-file__button\" download>Descarga<\/a><\/div>\n\n\n\n<div class=\"wp-block-file aligncenter\"><a href=\"https:\/\/cplarraga.educacion.navarra.es\/web\/wp-content\/uploads\/2021\/06\/CPEIP-San-Miguel-Larraga-4o-Primaria_20-21.pdf\">CPEIP San Miguel Larraga 4\u00ba Primaria_20-21<\/a><a href=\"https:\/\/cplarraga.educacion.navarra.es\/web\/wp-content\/uploads\/2021\/06\/CPEIP-San-Miguel-Larraga-4o-Primaria_20-21.pdf\" class=\"wp-block-file__button\" download>Descarga<\/a><\/div>\n\n\n\n<div class=\"wp-block-file aligncenter\"><a href=\"https:\/\/cplarraga.educacion.navarra.es\/web\/wp-content\/uploads\/2021\/06\/CPEIP-San-Miguel-Larraga-5o-Primaria_20-21.pdf\">CPEIP San Miguel Larraga 5\u00ba Primaria_20-21<\/a><a href=\"https:\/\/cplarraga.educacion.navarra.es\/web\/wp-content\/uploads\/2021\/06\/CPEIP-San-Miguel-Larraga-5o-Primaria_20-21.pdf\" class=\"wp-block-file__button\" download>Descarga<\/a><\/div>\n\n\n\n<div class=\"wp-block-file aligncenter\"><a href=\"https:\/\/cplarraga.educacion.navarra.es\/web\/wp-content\/uploads\/2021\/06\/CPEIP-San-Miguel-Larraga-6o-Primaria_20-21.pdf\">CPEIP San Miguel Larraga 6\u00ba Primaria_20-21<\/a><a href=\"https:\/\/cplarraga.educacion.navarra.es\/web\/wp-content\/uploads\/2021\/06\/CPEIP-San-Miguel-Larraga-6o-Primaria_20-21.pdf\" class=\"wp-block-file__button\" download>Descarga<\/a><\/div>\n\n\n\n<hr class=\"wp-block-separator\"\/>\n\n\n\n<p class=\"has-text-align-center has-large-font-size\"><strong>Calendario escolar curso 2021-2022.<\/strong><\/p>\n\n\n\n<div class=\"wp-block-file aligncenter\"><a href=\"https:\/\/cplarraga.educacion.navarra.es\/web\/wp-content\/uploads\/2021\/06\/CPEIP-San-Miguel-Larraga-Calendario-2021-2022.pdf\">CPEIP-San-Miguel-Larraga-Calendario-2021-2022<\/a><a href=\"https:\/\/cplarraga.educacion.navarra.es\/web\/wp-content\/uploads\/2021\/06\/CPEIP-San-Miguel-Larraga-Calendario-2021-2022.pdf\" class=\"wp-block-file__button\" download>Descarga<\/a><\/div>\n\n\n\n<div class=\"wp-block-image\"><figure class=\"aligncenter size-large\"><img loading=\"lazy\" width=\"827\" height=\"564\" src=\"https:\/\/cplarraga.educacion.navarra.es\/web\/wp-content\/uploads\/2021\/06\/CPEIP-San-Miguel-Larraga-Calendario-2021-2022-3.jpg\" alt=\"\" class=\"wp-image-5752\" srcset=\"https:\/\/cplarraga.educacion.navarra.es\/web\/wp-content\/uploads\/2021\/06\/CPEIP-San-Miguel-Larraga-Calendario-2021-2022-3.jpg 827w, https:\/\/cplarraga.educacion.navarra.es\/web\/wp-content\/uploads\/2021\/06\/CPEIP-San-Miguel-Larraga-Calendario-2021-2022-3-300x205.jpg 300w, https:\/\/cplarraga.educacion.navarra.es\/web\/wp-content\/uploads\/2021\/06\/CPEIP-San-Miguel-Larraga-Calendario-2021-2022-3-768x524.jpg 768w\" sizes=\"(max-width: 827px) 100vw, 827px\" \/><\/figure><\/div>\n","protected":false},"excerpt":{"rendered":"<p>Consulta de notas de evaluaci\u00f3n final, calendario escolar 2021-22 y material.<\/p>\n","protected":false},"author":6,"featured_media":5736,"comment_status":"open","ping_status":"open","sticky":false,"template":"","format":"standard","meta":{"_genesis_hide_title":false,"_genesis_hide_breadcrumbs":false,"_genesis_hide_singular_image":false,"_genesis_hide_footer_widgets":false,"_genesis_custom_body_class":"","_genesis_custom_post_class":"","_genesis_layout":""},"categories":[1],"tags":[],"_links":{"self":[{"href":"https:\/\/cplarraga.educacion.navarra.es\/web\/wp-json\/wp\/v2\/posts\/5728"}],"collection":[{"href":"https:\/\/cplarraga.educacion.navarra.es\/web\/wp-json\/wp\/v2\/posts"}],"about":[{"href":"https:\/\/cplarraga.educacion.navarra.es\/web\/wp-json\/wp\/v2\/types\/post"}],"author":[{"embeddable":true,"href":"https:\/\/cplarraga.educacion.navarra.es\/web\/wp-json\/wp\/v2\/users\/6"}],"replies":[{"embeddable":true,"href":"https:\/\/cplarraga.educacion.navarra.es\/web\/wp-json\/wp\/v2\/comments?post=5728"}],"version-history":[{"count":17,"href":"https:\/\/cplarraga.educacion.navarra.es\/web\/wp-json\/wp\/v2\/posts\/5728\/revisions"}],"predecessor-version":[{"id":5775,"href":"https:\/\/cplarraga.educacion.navarra.es\/web\/wp-json\/wp\/v2\/posts\/5728\/revisions\/5775"}],"wp:featuredmedia":[{"embeddable":true,"href":"https:\/\/cplarraga.educacion.navarra.es\/web\/wp-json\/wp\/v2\/media\/5736"}],"wp:attachment":[{"href":"https:\/\/cplarraga.educacion.navarra.es\/web\/wp-json\/wp\/v2\/media?parent=5728"}],"wp:term":[{"taxonomy":"category","embeddable":true,"href":"https:\/\/cplarraga.educacion.navarra.es\/web\/wp-json\/wp\/v2\/categories?post=5728"},{"taxonomy":"post_tag","embeddable":true,"href":"https:\/\/cplarraga.educacion.navarra.es\/web\/wp-json\/wp\/v2\/tags?post=5728"}],"curies":[{"name":"wp","href":"https:\/\/api.w.org\/{rel}","templated":true}]}}