{"id":4824,"date":"2021-02-11T17:05:32","date_gmt":"2021-02-11T16:05:32","guid":{"rendered":"https:\/\/cplarraga.educacion.navarra.es\/web\/?p=4824"},"modified":"2021-02-19T14:35:56","modified_gmt":"2021-02-19T13:35:56","slug":"arranca-la-campana-escolar-de-esqui","status":"publish","type":"post","link":"https:\/\/cplarraga.educacion.navarra.es\/web\/blog\/arranca-la-campana-escolar-de-esqui\/","title":{"rendered":"Arranca la campa\u00f1a escolar de esqu\u00ed"},"content":{"rendered":"\n<p>El Instituto de Salud P\u00fablica y Laboral ha dado luz verde a la apertura de la campa\u00f1a.<\/p>\n\n\n\n<p>Las alumnas  y los alumnos de 6\u00ba de Primaria ir\u00e1n a Isaba a disfrutar de la nieve en la campa\u00f1a escolar de esqu\u00ed.<\/p>\n\n\n\n<div class=\"wp-block-image is-style-rounded\"><figure class=\"aligncenter size-large is-resized\"><a href=\"https:\/\/cplarraga.educacion.navarra.es\/web\/2021-semana-blanca\/\" target=\"_blank\" rel=\"noopener\"><img loading=\"lazy\" src=\"https:\/\/cplarraga.educacion.navarra.es\/web\/wp-content\/uploads\/2021\/02\/20210217_SemanaBlanca_IMG-20210219--1024x768.jpg\" alt=\"\" class=\"wp-image-5052\" width=\"512\" height=\"384\" srcset=\"https:\/\/cplarraga.educacion.navarra.es\/web\/wp-content\/uploads\/2021\/02\/20210217_SemanaBlanca_IMG-20210219--1024x768.jpg 1024w, https:\/\/cplarraga.educacion.navarra.es\/web\/wp-content\/uploads\/2021\/02\/20210217_SemanaBlanca_IMG-20210219--300x225.jpg 300w, https:\/\/cplarraga.educacion.navarra.es\/web\/wp-content\/uploads\/2021\/02\/20210217_SemanaBlanca_IMG-20210219--768x576.jpg 768w, https:\/\/cplarraga.educacion.navarra.es\/web\/wp-content\/uploads\/2021\/02\/20210217_SemanaBlanca_IMG-20210219--1536x1152.jpg 1536w, https:\/\/cplarraga.educacion.navarra.es\/web\/wp-content\/uploads\/2021\/02\/20210217_SemanaBlanca_IMG-20210219-.jpg 1600w\" sizes=\"(max-width: 512px) 100vw, 512px\" \/><\/a><figcaption><em>Pinchar en la foto<\/em>graf\u00eda para ir a galer\u00eda<\/figcaption><\/figure><\/div>\n\n\n\n<hr class=\"wp-block-separator\"\/>\n\n\n\n<div class=\"wp-container-1 wp-block-buttons aligncenter\">\n<div class=\"wp-block-button\"><a class=\"wp-block-button__link\" href=\"https:\/\/drive.google.com\/file\/d\/1CU3fR648ymzOMwDTq5BEbLYrqN1t76yG\/view?usp=sharing\" target=\"_blank\" rel=\"noreferrer noopener\">Breve gu\u00eda de la campa\u00f1a<\/a><\/div>\n<\/div>\n\n\n\n<div class=\"wp-block-image is-style-rounded\"><figure class=\"aligncenter size-large\"><a href=\"https:\/\/www.esquiescolar.com\/es\/inicio\" target=\"_blank\" rel=\"https:\/\/www.esquiescolar.com\/es\/inicio noopener\"><img loading=\"lazy\" width=\"296\" height=\"125\" src=\"https:\/\/cplarraga.educacion.navarra.es\/web\/wp-content\/uploads\/2021\/02\/logo-CampanaEsqui.png\" alt=\"\" class=\"wp-image-4826\"\/><\/a><\/figure><\/div>\n\n\n\n<p><\/p>\n","protected":false},"excerpt":{"rendered":"<p>Alumnado de 6\u00ba va a la nieve en Isaba.<\/p>\n","protected":false},"author":6,"featured_media":4830,"comment_status":"open","ping_status":"open","sticky":false,"template":"","format":"standard","meta":{"_genesis_hide_title":false,"_genesis_hide_breadcrumbs":false,"_genesis_hide_singular_image":false,"_genesis_hide_footer_widgets":false,"_genesis_custom_body_class":"","_genesis_custom_post_class":"","_genesis_layout":""},"categories":[4,1],"tags":[],"_links":{"self":[{"href":"https:\/\/cplarraga.educacion.navarra.es\/web\/wp-json\/wp\/v2\/posts\/4824"}],"collection":[{"href":"https:\/\/cplarraga.educacion.navarra.es\/web\/wp-json\/wp\/v2\/posts"}],"about":[{"href":"https:\/\/cplarraga.educacion.navarra.es\/web\/wp-json\/wp\/v2\/types\/post"}],"author":[{"embeddable":true,"href":"https:\/\/cplarraga.educacion.navarra.es\/web\/wp-json\/wp\/v2\/users\/6"}],"replies":[{"embeddable":true,"href":"https:\/\/cplarraga.educacion.navarra.es\/web\/wp-json\/wp\/v2\/comments?post=4824"}],"version-history":[{"count":10,"href":"https:\/\/cplarraga.educacion.navarra.es\/web\/wp-json\/wp\/v2\/posts\/4824\/revisions"}],"predecessor-version":[{"id":5089,"href":"https:\/\/cplarraga.educacion.navarra.es\/web\/wp-json\/wp\/v2\/posts\/4824\/revisions\/5089"}],"wp:featuredmedia":[{"embeddable":true,"href":"https:\/\/cplarraga.educacion.navarra.es\/web\/wp-json\/wp\/v2\/media\/4830"}],"wp:attachment":[{"href":"https:\/\/cplarraga.educacion.navarra.es\/web\/wp-json\/wp\/v2\/media?parent=4824"}],"wp:term":[{"taxonomy":"category","embeddable":true,"href":"https:\/\/cplarraga.educacion.navarra.es\/web\/wp-json\/wp\/v2\/categories?post=4824"},{"taxonomy":"post_tag","embeddable":true,"href":"https:\/\/cplarraga.educacion.navarra.es\/web\/wp-json\/wp\/v2\/tags?post=4824"}],"curies":[{"name":"wp","href":"https:\/\/api.w.org\/{rel}","templated":true}]}}