{"id":4722,"date":"2021-02-02T10:26:11","date_gmt":"2021-02-02T09:26:11","guid":{"rendered":"https:\/\/cplarraga.educacion.navarra.es\/web\/?p=4722"},"modified":"2021-02-03T18:29:22","modified_gmt":"2021-02-03T17:29:22","slug":"dia-escolar-de-la-no-violencia-y-la-paz-3","status":"publish","type":"post","link":"https:\/\/cplarraga.educacion.navarra.es\/web\/blog\/dia-escolar-de-la-no-violencia-y-la-paz-3\/","title":{"rendered":"D\u00eda Escolar de la No Violencia y la Paz"},"content":{"rendered":"\n<p>El Colegio  San Miguel de Larraga tambi\u00e9n apoya el D\u00eda Escolar de la No Violencia y la Paz. <\/p>\n\n\n\n<p>Este a\u00f1o las futuras cient\u00edficas y cient\u00edficos han desarrollado su propia vacuna para frenar la violencia y caminar hacia la paz.<\/p>\n\n\n\n<div class=\"wp-block-columns\">\n<div class=\"wp-block-column\">\n<p class=\"has-text-align-center has-text-color\" style=\"color:#ff6961;font-size:30px\"><strong>Virus<\/strong><\/p>\n<\/div>\n\n\n\n<div class=\"wp-block-column\">\n<p class=\"has-text-align-center has-text-color\" style=\"color:#98ff98;font-size:30px\"><strong>Vacuna<\/strong><\/p>\n<\/div>\n<\/div>\n\n\n\n<div class=\"wp-block-columns\">\n<div class=\"wp-block-column is-vertically-aligned-center\">\n<ul class=\"has-black-color has-text-color has-background\" style=\"background-color:#ff6961\"><li>Tratar mal a los compa\u00f1eros<\/li><li>Guerra<\/li><li>Gritar<\/li><li>Insultar<\/li><li>Bullying<\/li><\/ul>\n<\/div>\n\n\n\n<div class=\"wp-block-column\">\n<ul class=\"has-background\" style=\"background-color:#98ff98\"><li>Tratar bien<\/li><li>Paz<\/li><li>Abrazar<\/li><li>Respeto<\/li><li>Aceptar a las personas como son<\/li><\/ul>\n<\/div>\n<\/div>\n\n\n\n<div class=\"wp-block-image is-style-default\"><figure class=\"aligncenter size-large\"><img loading=\"lazy\" width=\"1024\" height=\"556\" src=\"https:\/\/cplarraga.educacion.navarra.es\/web\/wp-content\/uploads\/2021\/01\/20210129-DiaDeLaPaz_WA0000.jpg\" alt=\"\" class=\"wp-image-4716\" srcset=\"https:\/\/cplarraga.educacion.navarra.es\/web\/wp-content\/uploads\/2021\/01\/20210129-DiaDeLaPaz_WA0000.jpg 1024w, https:\/\/cplarraga.educacion.navarra.es\/web\/wp-content\/uploads\/2021\/01\/20210129-DiaDeLaPaz_WA0000-300x163.jpg 300w, https:\/\/cplarraga.educacion.navarra.es\/web\/wp-content\/uploads\/2021\/01\/20210129-DiaDeLaPaz_WA0000-768x417.jpg 768w\" sizes=\"(max-width: 1024px) 100vw, 1024px\" \/><\/figure><\/div>\n\n\n\n<div class=\"wp-block-image is-style-rounded\"><figure class=\"aligncenter size-large is-resized\"><img loading=\"lazy\" src=\"https:\/\/cplarraga.educacion.navarra.es\/web\/wp-content\/uploads\/2021\/02\/20210129-DiaLaPaz-WA0005-1024x769.jpg\" alt=\"\" class=\"wp-image-4748\" width=\"768\" height=\"577\" srcset=\"https:\/\/cplarraga.educacion.navarra.es\/web\/wp-content\/uploads\/2021\/02\/20210129-DiaLaPaz-WA0005-1024x769.jpg 1024w, https:\/\/cplarraga.educacion.navarra.es\/web\/wp-content\/uploads\/2021\/02\/20210129-DiaLaPaz-WA0005-300x225.jpg 300w, https:\/\/cplarraga.educacion.navarra.es\/web\/wp-content\/uploads\/2021\/02\/20210129-DiaLaPaz-WA0005-768x576.jpg 768w, https:\/\/cplarraga.educacion.navarra.es\/web\/wp-content\/uploads\/2021\/02\/20210129-DiaLaPaz-WA0005-1536x1153.jpg 1536w, https:\/\/cplarraga.educacion.navarra.es\/web\/wp-content\/uploads\/2021\/02\/20210129-DiaLaPaz-WA0005.jpg 1600w\" sizes=\"(max-width: 768px) 100vw, 768px\" \/><figcaption> C.P.E.I.P. San Miguel de Larraga 1\u00ba Primaria<\/figcaption><\/figure><\/div>\n\n\n\n<div class=\"wp-block-image is-style-default\"><figure class=\"aligncenter size-large\"><img loading=\"lazy\" width=\"979\" height=\"439\" src=\"https:\/\/cplarraga.educacion.navarra.es\/web\/wp-content\/uploads\/2021\/01\/20210129-DiaDeLaPaz-WA0003_b.jpg\" alt=\"\" class=\"wp-image-4721\" srcset=\"https:\/\/cplarraga.educacion.navarra.es\/web\/wp-content\/uploads\/2021\/01\/20210129-DiaDeLaPaz-WA0003_b.jpg 979w, https:\/\/cplarraga.educacion.navarra.es\/web\/wp-content\/uploads\/2021\/01\/20210129-DiaDeLaPaz-WA0003_b-300x135.jpg 300w, https:\/\/cplarraga.educacion.navarra.es\/web\/wp-content\/uploads\/2021\/01\/20210129-DiaDeLaPaz-WA0003_b-768x344.jpg 768w\" sizes=\"(max-width: 979px) 100vw, 979px\" \/><\/figure><\/div>\n\n\n\n<div class=\"wp-block-image is-style-default\"><figure class=\"aligncenter size-large\"><img loading=\"lazy\" width=\"923\" height=\"417\" src=\"https:\/\/cplarraga.educacion.navarra.es\/web\/wp-content\/uploads\/2021\/01\/20210129-DiaDeLaPaz_WA0002-b.jpg\" alt=\"\" class=\"wp-image-4720\" srcset=\"https:\/\/cplarraga.educacion.navarra.es\/web\/wp-content\/uploads\/2021\/01\/20210129-DiaDeLaPaz_WA0002-b.jpg 923w, https:\/\/cplarraga.educacion.navarra.es\/web\/wp-content\/uploads\/2021\/01\/20210129-DiaDeLaPaz_WA0002-b-300x136.jpg 300w, https:\/\/cplarraga.educacion.navarra.es\/web\/wp-content\/uploads\/2021\/01\/20210129-DiaDeLaPaz_WA0002-b-768x347.jpg 768w\" sizes=\"(max-width: 923px) 100vw, 923px\" \/><figcaption>Dibujos realizados por 1\u00ba de Primaria C.P.E.I.P. San Miguel de Larraga<\/figcaption><\/figure><\/div>\n","protected":false},"excerpt":{"rendered":"<p>Todo virus tiene su vacuna.<\/p>\n","protected":false},"author":6,"featured_media":4729,"comment_status":"open","ping_status":"open","sticky":false,"template":"","format":"standard","meta":{"_genesis_hide_title":false,"_genesis_hide_breadcrumbs":false,"_genesis_hide_singular_image":false,"_genesis_hide_footer_widgets":false,"_genesis_custom_body_class":"","_genesis_custom_post_class":"","_genesis_layout":""},"categories":[4,1],"tags":[],"_links":{"self":[{"href":"https:\/\/cplarraga.educacion.navarra.es\/web\/wp-json\/wp\/v2\/posts\/4722"}],"collection":[{"href":"https:\/\/cplarraga.educacion.navarra.es\/web\/wp-json\/wp\/v2\/posts"}],"about":[{"href":"https:\/\/cplarraga.educacion.navarra.es\/web\/wp-json\/wp\/v2\/types\/post"}],"author":[{"embeddable":true,"href":"https:\/\/cplarraga.educacion.navarra.es\/web\/wp-json\/wp\/v2\/users\/6"}],"replies":[{"embeddable":true,"href":"https:\/\/cplarraga.educacion.navarra.es\/web\/wp-json\/wp\/v2\/comments?post=4722"}],"version-history":[{"count":23,"href":"https:\/\/cplarraga.educacion.navarra.es\/web\/wp-json\/wp\/v2\/posts\/4722\/revisions"}],"predecessor-version":[{"id":4811,"href":"https:\/\/cplarraga.educacion.navarra.es\/web\/wp-json\/wp\/v2\/posts\/4722\/revisions\/4811"}],"wp:featuredmedia":[{"embeddable":true,"href":"https:\/\/cplarraga.educacion.navarra.es\/web\/wp-json\/wp\/v2\/media\/4729"}],"wp:attachment":[{"href":"https:\/\/cplarraga.educacion.navarra.es\/web\/wp-json\/wp\/v2\/media?parent=4722"}],"wp:term":[{"taxonomy":"category","embeddable":true,"href":"https:\/\/cplarraga.educacion.navarra.es\/web\/wp-json\/wp\/v2\/categories?post=4722"},{"taxonomy":"post_tag","embeddable":true,"href":"https:\/\/cplarraga.educacion.navarra.es\/web\/wp-json\/wp\/v2\/tags?post=4722"}],"curies":[{"name":"wp","href":"https:\/\/api.w.org\/{rel}","templated":true}]}}