{"id":4692,"date":"2021-04-30T19:52:00","date_gmt":"2021-04-30T17:52:00","guid":{"rendered":"https:\/\/cplarraga.educacion.navarra.es\/web\/?p=4692"},"modified":"2021-05-13T18:28:16","modified_gmt":"2021-05-13T16:28:16","slug":"matricula-curso-2021-2022","status":"publish","type":"post","link":"https:\/\/cplarraga.educacion.navarra.es\/web\/blog\/matricula-curso-2021-2022\/","title":{"rendered":"Admisi\u00f3n alumnado curso 2021-2022"},"content":{"rendered":"\n<div class=\"wp-container-2 wp-block-group\"><div class=\"wp-block-group__inner-container\">\n<p class=\"has-vivid-red-color has-text-color has-background\" style=\"background-color:#c6d8ae;font-size:22px\">La mejor oferta educativa, la tienes en casa. Colegio P\u00fablico San Miguel de Larraga. <\/p>\n\n\n\n<div class=\"wp-container-1 wp-block-group\"><div class=\"wp-block-group__inner-container\">\n<p class=\"has-text-align-center has-vivid-red-color has-text-color has-background\" style=\"background-color:#c6d8ae;font-size:22px\">Ma\u00f1ana empieza hoy, \u00a1ven a la p\u00fablica!<\/p>\n<\/div><\/div>\n<\/div><\/div>\n\n\n\n<p>El periodo de preinscripci\u00f3n en el segundo ciclo de Infantil y Primaria se llevar\u00e1 a cabo entre los d\u00edas <strong>17 y 21 de mayo<\/strong>.<\/p>\n\n\n\n<iframe loading=\"lazy\" src=\"https:\/\/docs.google.com\/presentation\/d\/e\/2PACX-1vSOXD1QRStRbmIFO0luOP3KSnB23ZhJGO-zJ-nIca29fun8ZH-jPrzYV07M3v0j3yztFUsg627A8rSQ\/embed?start=false&amp;loop=false&amp;delayms=3000\" allowfullscreen=\"true\" mozallowfullscreen=\"true\" webkitallowfullscreen=\"true\" width=\"640\" height=\"480\" frameborder=\"0\"><\/iframe>\n\n\n\n<div class=\"wp-block-image is-style-default\"><figure class=\"aligncenter size-large\"><img loading=\"lazy\" width=\"724\" height=\"1024\" src=\"https:\/\/cplarraga.educacion.navarra.es\/web\/wp-content\/uploads\/2021\/01\/Cartel_A3_ColegioPublicoSanMiguelLarraga_3-724x1024.jpg\" alt=\"\" class=\"wp-image-4687\" srcset=\"https:\/\/cplarraga.educacion.navarra.es\/web\/wp-content\/uploads\/2021\/01\/Cartel_A3_ColegioPublicoSanMiguelLarraga_3-724x1024.jpg 724w, https:\/\/cplarraga.educacion.navarra.es\/web\/wp-content\/uploads\/2021\/01\/Cartel_A3_ColegioPublicoSanMiguelLarraga_3-212x300.jpg 212w, https:\/\/cplarraga.educacion.navarra.es\/web\/wp-content\/uploads\/2021\/01\/Cartel_A3_ColegioPublicoSanMiguelLarraga_3-768x1086.jpg 768w, https:\/\/cplarraga.educacion.navarra.es\/web\/wp-content\/uploads\/2021\/01\/Cartel_A3_ColegioPublicoSanMiguelLarraga_3-1086x1536.jpg 1086w, https:\/\/cplarraga.educacion.navarra.es\/web\/wp-content\/uploads\/2021\/01\/Cartel_A3_ColegioPublicoSanMiguelLarraga_3.jpg 1228w\" sizes=\"(max-width: 724px) 100vw, 724px\" \/><\/figure><\/div>\n\n\n\n<hr class=\"wp-block-separator\"\/>\n\n\n\n<p><a rel=\"noreferrer noopener\" href=\"https:\/\/bon.navarra.es\/es\/anuncio\/-\/texto\/2021\/99\/0\" data-type=\"URL\" data-id=\"https:\/\/bon.navarra.es\/es\/anuncio\/-\/texto\/2021\/99\/0\" target=\"_blank\">DECRETO FORAL 33\/2021<\/a>, de 28 de abril, por el que se regula la admisi\u00f3n del alumnado en los centros docentes p\u00fablicos y privados concertados de la Comunidad Foral de Navarra.<\/p>\n\n\n\n<p><a rel=\"noreferrer noopener\" href=\"https:\/\/bon.navarra.es\/es\/anuncio\/-\/texto\/2021\/108\/1\" target=\"_blank\">ORDEN FORAL 46\/2021<\/a>, de 4 de mayo, del Consejero de Educaci\u00f3n, por la que se desarrolla el proceso de admisi\u00f3n del alumnado en los centros docentes p\u00fablicos y privados concertados de la Comunidad Foral de Navarra para cursar ense\u00f1anzas de segundo ciclo de educaci\u00f3n infantil, educaci\u00f3n primaria, educaci\u00f3n secundaria obligatoria y bachillerato.<\/p>\n\n\n\n<p><a href=\"https:\/\/bon.navarra.es\/es\/anuncio\/-\/texto\/2021\/111\/9\" target=\"_blank\" rel=\"noreferrer noopener\">RESOLUCI\u00d3N 173\/2021<\/a>, de 11 de mayo, del director general de Educaci\u00f3n, por la que se convoca y desarrolla el proceso de admisi\u00f3n del alumnado en los centros docentes p\u00fablicos y privados concertados de la Comunidad Foral de Navarra para cursar, en el curso 2021-2022, ense\u00f1anzas de segundo ciclo de educaci\u00f3n infantil y educaci\u00f3n primaria.<\/p>\n\n\n\n<figure class=\"wp-block-image size-large\"><a href=\"https:\/\/preinscripcion.navarra.es\/es\/inicio\" target=\"_blank\" rel=\"https:\/\/preinscripcion.navarra.es\/es\/inicio noopener\"><img loading=\"lazy\" width=\"1024\" height=\"372\" src=\"https:\/\/cplarraga.educacion.navarra.es\/web\/wp-content\/uploads\/2021\/05\/PreinscripcionNavarraes-1024x372.jpg\" alt=\"\" class=\"wp-image-5555\" srcset=\"https:\/\/cplarraga.educacion.navarra.es\/web\/wp-content\/uploads\/2021\/05\/PreinscripcionNavarraes-1024x372.jpg 1024w, https:\/\/cplarraga.educacion.navarra.es\/web\/wp-content\/uploads\/2021\/05\/PreinscripcionNavarraes-300x109.jpg 300w, https:\/\/cplarraga.educacion.navarra.es\/web\/wp-content\/uploads\/2021\/05\/PreinscripcionNavarraes-768x279.jpg 768w, https:\/\/cplarraga.educacion.navarra.es\/web\/wp-content\/uploads\/2021\/05\/PreinscripcionNavarraes.jpg 1200w\" sizes=\"(max-width: 1024px) 100vw, 1024px\" \/><\/a><\/figure>\n","protected":false},"excerpt":{"rendered":"<p>Presentaci\u00f3n de solicitudes del 17 al 21 de mayo.<\/p>\n","protected":false},"author":6,"featured_media":4691,"comment_status":"open","ping_status":"open","sticky":false,"template":"","format":"standard","meta":{"_genesis_hide_title":false,"_genesis_hide_breadcrumbs":false,"_genesis_hide_singular_image":false,"_genesis_hide_footer_widgets":false,"_genesis_custom_body_class":"","_genesis_custom_post_class":"","_genesis_layout":""},"categories":[4,1],"tags":[],"_links":{"self":[{"href":"https:\/\/cplarraga.educacion.navarra.es\/web\/wp-json\/wp\/v2\/posts\/4692"}],"collection":[{"href":"https:\/\/cplarraga.educacion.navarra.es\/web\/wp-json\/wp\/v2\/posts"}],"about":[{"href":"https:\/\/cplarraga.educacion.navarra.es\/web\/wp-json\/wp\/v2\/types\/post"}],"author":[{"embeddable":true,"href":"https:\/\/cplarraga.educacion.navarra.es\/web\/wp-json\/wp\/v2\/users\/6"}],"replies":[{"embeddable":true,"href":"https:\/\/cplarraga.educacion.navarra.es\/web\/wp-json\/wp\/v2\/comments?post=4692"}],"version-history":[{"count":45,"href":"https:\/\/cplarraga.educacion.navarra.es\/web\/wp-json\/wp\/v2\/posts\/4692\/revisions"}],"predecessor-version":[{"id":6752,"href":"https:\/\/cplarraga.educacion.navarra.es\/web\/wp-json\/wp\/v2\/posts\/4692\/revisions\/6752"}],"wp:featuredmedia":[{"embeddable":true,"href":"https:\/\/cplarraga.educacion.navarra.es\/web\/wp-json\/wp\/v2\/media\/4691"}],"wp:attachment":[{"href":"https:\/\/cplarraga.educacion.navarra.es\/web\/wp-json\/wp\/v2\/media?parent=4692"}],"wp:term":[{"taxonomy":"category","embeddable":true,"href":"https:\/\/cplarraga.educacion.navarra.es\/web\/wp-json\/wp\/v2\/categories?post=4692"},{"taxonomy":"post_tag","embeddable":true,"href":"https:\/\/cplarraga.educacion.navarra.es\/web\/wp-json\/wp\/v2\/tags?post=4692"}],"curies":[{"name":"wp","href":"https:\/\/api.w.org\/{rel}","templated":true}]}}