{"id":4659,"date":"2021-01-20T20:15:46","date_gmt":"2021-01-20T19:15:46","guid":{"rendered":"https:\/\/cplarraga.educacion.navarra.es\/web\/?p=4659"},"modified":"2021-01-21T10:00:01","modified_gmt":"2021-01-21T09:00:01","slug":"estudio-de-las-comunidades-autonomas","status":"publish","type":"post","link":"https:\/\/cplarraga.educacion.navarra.es\/web\/blog\/estudio-de-las-comunidades-autonomas\/","title":{"rendered":"Estudio de las comunidades aut\u00f3nomas"},"content":{"rendered":"\n<p>Las alumnas y los alumnos de 6\u00ba de primaria hemos dedicado unas semanas al estudio de las comunidades aut\u00f3nomas.<\/p>\n\n\n\n<p>La tarea se ha centrado desde tres puntos de vista:<\/p>\n\n\n\n<ul><li>Aprendizaje de las  caracter\u00edsticas fundamentales: su capital, poblaci\u00f3n, comunidades lim\u00edtrofes, costumbres, fiestas, gastronom\u00eda, etc.<\/li><li>Faceta creativa con la creaci\u00f3n de unos tr\u00edpticos de repaso.<\/li><li>Exposici\u00f3n oral delante de toda la clase para vencer las verg\u00fcenzas y ganar en confianza, mostrar lo aprendido.<\/li><\/ul>\n\n\n\n<p><\/p>\n\n\n\n<blockquote class=\"wp-block-quote\"><p>Para muestra, un bot\u00f3n<\/p><\/blockquote>\n\n\n\n<div class=\"wp-block-image is-style-default\"><figure class=\"aligncenter size-large is-resized\"><img loading=\"lazy\" src=\"https:\/\/cplarraga.educacion.navarra.es\/web\/wp-content\/uploads\/2021\/01\/20210120_ComunidadesAutonomas-WA0000-e1611169650709.jpg\" alt=\"\" class=\"wp-image-4647\" width=\"743\" height=\"563\" srcset=\"https:\/\/cplarraga.educacion.navarra.es\/web\/wp-content\/uploads\/2021\/01\/20210120_ComunidadesAutonomas-WA0000-e1611169650709.jpg 990w, https:\/\/cplarraga.educacion.navarra.es\/web\/wp-content\/uploads\/2021\/01\/20210120_ComunidadesAutonomas-WA0000-e1611169650709-300x227.jpg 300w, https:\/\/cplarraga.educacion.navarra.es\/web\/wp-content\/uploads\/2021\/01\/20210120_ComunidadesAutonomas-WA0000-e1611169650709-768x582.jpg 768w\" sizes=\"(max-width: 743px) 100vw, 743px\" \/><\/figure><\/div>\n\n\n\n<div class=\"wp-block-image is-style-default\"><figure class=\"aligncenter size-large is-resized\"><img loading=\"lazy\" src=\"https:\/\/cplarraga.educacion.navarra.es\/web\/wp-content\/uploads\/2021\/01\/20210120_ComunidadesAutonomas-WA0001-1.jpg\" alt=\"\" class=\"wp-image-4660\" width=\"563\" height=\"744\" srcset=\"https:\/\/cplarraga.educacion.navarra.es\/web\/wp-content\/uploads\/2021\/01\/20210120_ComunidadesAutonomas-WA0001-1.jpg 750w, https:\/\/cplarraga.educacion.navarra.es\/web\/wp-content\/uploads\/2021\/01\/20210120_ComunidadesAutonomas-WA0001-1-227x300.jpg 227w\" sizes=\"(max-width: 563px) 100vw, 563px\" \/><\/figure><\/div>\n\n\n\n<div class=\"wp-block-image is-style-default\"><figure class=\"aligncenter size-large is-resized\"><img loading=\"lazy\" src=\"https:\/\/cplarraga.educacion.navarra.es\/web\/wp-content\/uploads\/2021\/01\/20210120_ComunidadesAutonomas-WA0004.jpg\" alt=\"\" class=\"wp-image-4651\" width=\"563\" height=\"404\" srcset=\"https:\/\/cplarraga.educacion.navarra.es\/web\/wp-content\/uploads\/2021\/01\/20210120_ComunidadesAutonomas-WA0004.jpg 750w, https:\/\/cplarraga.educacion.navarra.es\/web\/wp-content\/uploads\/2021\/01\/20210120_ComunidadesAutonomas-WA0004-300x215.jpg 300w\" sizes=\"(max-width: 563px) 100vw, 563px\" \/><\/figure><\/div>\n\n\n\n<div class=\"wp-block-image is-style-default\"><figure class=\"aligncenter size-large is-resized\"><img loading=\"lazy\" src=\"https:\/\/cplarraga.educacion.navarra.es\/web\/wp-content\/uploads\/2021\/01\/20210120_ComunidadesAutonomas-WA0011.jpg\" alt=\"\" class=\"wp-image-4658\" width=\"563\" height=\"307\" srcset=\"https:\/\/cplarraga.educacion.navarra.es\/web\/wp-content\/uploads\/2021\/01\/20210120_ComunidadesAutonomas-WA0011.jpg 750w, https:\/\/cplarraga.educacion.navarra.es\/web\/wp-content\/uploads\/2021\/01\/20210120_ComunidadesAutonomas-WA0011-300x164.jpg 300w\" sizes=\"(max-width: 563px) 100vw, 563px\" \/><\/figure><\/div>\n\n\n\n<figure class=\"wp-block-image size-large is-resized is-style-default\"><img loading=\"lazy\" src=\"https:\/\/cplarraga.educacion.navarra.es\/web\/wp-content\/uploads\/2021\/01\/20210120_ComunidadesAutonomasWA0006.jpg\" alt=\"\" class=\"wp-image-4653\" width=\"563\" height=\"752\" srcset=\"https:\/\/cplarraga.educacion.navarra.es\/web\/wp-content\/uploads\/2021\/01\/20210120_ComunidadesAutonomasWA0006.jpg 750w, https:\/\/cplarraga.educacion.navarra.es\/web\/wp-content\/uploads\/2021\/01\/20210120_ComunidadesAutonomasWA0006-224x300.jpg 224w\" sizes=\"(max-width: 563px) 100vw, 563px\" \/><\/figure>\n\n\n\n<div class=\"wp-block-image is-style-rounded\"><figure class=\"aligncenter size-large is-resized\"><img loading=\"lazy\" src=\"https:\/\/cplarraga.educacion.navarra.es\/web\/wp-content\/uploads\/2021\/01\/20210120_ComunidadesAutonomas-WA0007-e1611169690559.jpg\" alt=\"\" class=\"wp-image-4654\" width=\"745\" height=\"563\" srcset=\"https:\/\/cplarraga.educacion.navarra.es\/web\/wp-content\/uploads\/2021\/01\/20210120_ComunidadesAutonomas-WA0007-e1611169690559.jpg 993w, https:\/\/cplarraga.educacion.navarra.es\/web\/wp-content\/uploads\/2021\/01\/20210120_ComunidadesAutonomas-WA0007-e1611169690559-300x227.jpg 300w, https:\/\/cplarraga.educacion.navarra.es\/web\/wp-content\/uploads\/2021\/01\/20210120_ComunidadesAutonomas-WA0007-e1611169690559-768x580.jpg 768w\" sizes=\"(max-width: 745px) 100vw, 745px\" \/><\/figure><\/div>\n\n\n\n<div class=\"wp-block-image is-style-rounded\"><figure class=\"aligncenter size-large is-resized\"><img loading=\"lazy\" src=\"https:\/\/cplarraga.educacion.navarra.es\/web\/wp-content\/uploads\/2021\/01\/20210120_ComunidadesAutonomas-WA0005-e1611169759245.jpg\" alt=\"\" class=\"wp-image-4652\" width=\"741\" height=\"563\" srcset=\"https:\/\/cplarraga.educacion.navarra.es\/web\/wp-content\/uploads\/2021\/01\/20210120_ComunidadesAutonomas-WA0005-e1611169759245.jpg 988w, https:\/\/cplarraga.educacion.navarra.es\/web\/wp-content\/uploads\/2021\/01\/20210120_ComunidadesAutonomas-WA0005-e1611169759245-300x228.jpg 300w, https:\/\/cplarraga.educacion.navarra.es\/web\/wp-content\/uploads\/2021\/01\/20210120_ComunidadesAutonomas-WA0005-e1611169759245-768x583.jpg 768w\" sizes=\"(max-width: 741px) 100vw, 741px\" \/><\/figure><\/div>\n","protected":false},"excerpt":{"rendered":"<p>Triple trabajo por parte del alumnado de 6\u00ba de primaria.<\/p>\n","protected":false},"author":6,"featured_media":4651,"comment_status":"open","ping_status":"open","sticky":false,"template":"","format":"standard","meta":{"_genesis_hide_title":false,"_genesis_hide_breadcrumbs":false,"_genesis_hide_singular_image":false,"_genesis_hide_footer_widgets":false,"_genesis_custom_body_class":"","_genesis_custom_post_class":"","_genesis_layout":""},"categories":[4,1],"tags":[],"_links":{"self":[{"href":"https:\/\/cplarraga.educacion.navarra.es\/web\/wp-json\/wp\/v2\/posts\/4659"}],"collection":[{"href":"https:\/\/cplarraga.educacion.navarra.es\/web\/wp-json\/wp\/v2\/posts"}],"about":[{"href":"https:\/\/cplarraga.educacion.navarra.es\/web\/wp-json\/wp\/v2\/types\/post"}],"author":[{"embeddable":true,"href":"https:\/\/cplarraga.educacion.navarra.es\/web\/wp-json\/wp\/v2\/users\/6"}],"replies":[{"embeddable":true,"href":"https:\/\/cplarraga.educacion.navarra.es\/web\/wp-json\/wp\/v2\/comments?post=4659"}],"version-history":[{"count":14,"href":"https:\/\/cplarraga.educacion.navarra.es\/web\/wp-json\/wp\/v2\/posts\/4659\/revisions"}],"predecessor-version":[{"id":4677,"href":"https:\/\/cplarraga.educacion.navarra.es\/web\/wp-json\/wp\/v2\/posts\/4659\/revisions\/4677"}],"wp:featuredmedia":[{"embeddable":true,"href":"https:\/\/cplarraga.educacion.navarra.es\/web\/wp-json\/wp\/v2\/media\/4651"}],"wp:attachment":[{"href":"https:\/\/cplarraga.educacion.navarra.es\/web\/wp-json\/wp\/v2\/media?parent=4659"}],"wp:term":[{"taxonomy":"category","embeddable":true,"href":"https:\/\/cplarraga.educacion.navarra.es\/web\/wp-json\/wp\/v2\/categories?post=4659"},{"taxonomy":"post_tag","embeddable":true,"href":"https:\/\/cplarraga.educacion.navarra.es\/web\/wp-json\/wp\/v2\/tags?post=4659"}],"curies":[{"name":"wp","href":"https:\/\/api.w.org\/{rel}","templated":true}]}}