{"id":4603,"date":"2020-12-15T19:56:43","date_gmt":"2020-12-15T18:56:43","guid":{"rendered":"https:\/\/cplarraga.educacion.navarra.es\/web\/?p=4603"},"modified":"2020-12-15T20:21:53","modified_gmt":"2020-12-15T19:21:53","slug":"video-teatro-en-euskara","status":"publish","type":"post","link":"https:\/\/cplarraga.educacion.navarra.es\/web\/blog\/video-teatro-en-euskara\/","title":{"rendered":"V\u00eddeo teatro en euskara"},"content":{"rendered":"\n<div class=\"wp-container-1 wp-block-buttons\">\n<div class=\"wp-block-button\"><a class=\"wp-block-button__link has-vivid-red-color has-light-green-cyan-background-color has-text-color has-background\" href=\"https:\/\/drive.google.com\/file\/d\/1ff-QK3e84LakMMjPwNfJRVLWMb1FTuG4\/view?usp=sharing\" target=\"_blank\" rel=\"noreferrer noopener\">Ver el v\u00eddeo<\/a><\/div>\n<\/div>\n\n\n\n<div class=\"wp-block-columns\">\n<div class=\"wp-block-column\">\n<p>5 urteko lagunak Zugarramurdira joan dira bisitan.\u00a0 Bidetik gauza misteriotsu bat jan eta \u2026 hara! Munstro bilakatu dira!!<\/p>\n\n\n\n<p>Zer gertatu ote zaie Zugarramurdiko kobazuloetan? Ikusi-ikusi bideoa \u2026 benetan ederra da istorioa!!<\/p>\n<\/div>\n\n\n\n<div class=\"wp-block-column\">\n<p>Los\/as amigos\/as de 5 a\u00f1os han estado en Zugarramurdi de visita. Por el camino han comido algo misterioso y\u2026 \u00a1anda! \u00a1Se han convertido en monstruos!<\/p>\n\n\n\n<p>\u00bfQu\u00e9 les habr\u00e1 pasado en las cuevas de Zugarramurdi? Ver el v\u00eddeo\u2026 \u00a1Es maravillosa la historia!<\/p>\n<\/div>\n<\/div>\n","protected":false},"excerpt":{"rendered":"<p>5 Urtekoak Zugarramurdiko kobazulora!<\/p>\n","protected":false},"author":6,"featured_media":4608,"comment_status":"open","ping_status":"open","sticky":false,"template":"","format":"standard","meta":{"_genesis_hide_title":false,"_genesis_hide_breadcrumbs":false,"_genesis_hide_singular_image":false,"_genesis_hide_footer_widgets":false,"_genesis_custom_body_class":"","_genesis_custom_post_class":"","_genesis_layout":""},"categories":[1],"tags":[],"_links":{"self":[{"href":"https:\/\/cplarraga.educacion.navarra.es\/web\/wp-json\/wp\/v2\/posts\/4603"}],"collection":[{"href":"https:\/\/cplarraga.educacion.navarra.es\/web\/wp-json\/wp\/v2\/posts"}],"about":[{"href":"https:\/\/cplarraga.educacion.navarra.es\/web\/wp-json\/wp\/v2\/types\/post"}],"author":[{"embeddable":true,"href":"https:\/\/cplarraga.educacion.navarra.es\/web\/wp-json\/wp\/v2\/users\/6"}],"replies":[{"embeddable":true,"href":"https:\/\/cplarraga.educacion.navarra.es\/web\/wp-json\/wp\/v2\/comments?post=4603"}],"version-history":[{"count":4,"href":"https:\/\/cplarraga.educacion.navarra.es\/web\/wp-json\/wp\/v2\/posts\/4603\/revisions"}],"predecessor-version":[{"id":4609,"href":"https:\/\/cplarraga.educacion.navarra.es\/web\/wp-json\/wp\/v2\/posts\/4603\/revisions\/4609"}],"wp:featuredmedia":[{"embeddable":true,"href":"https:\/\/cplarraga.educacion.navarra.es\/web\/wp-json\/wp\/v2\/media\/4608"}],"wp:attachment":[{"href":"https:\/\/cplarraga.educacion.navarra.es\/web\/wp-json\/wp\/v2\/media?parent=4603"}],"wp:term":[{"taxonomy":"category","embeddable":true,"href":"https:\/\/cplarraga.educacion.navarra.es\/web\/wp-json\/wp\/v2\/categories?post=4603"},{"taxonomy":"post_tag","embeddable":true,"href":"https:\/\/cplarraga.educacion.navarra.es\/web\/wp-json\/wp\/v2\/tags?post=4603"}],"curies":[{"name":"wp","href":"https:\/\/api.w.org\/{rel}","templated":true}]}}