{"id":4544,"date":"2020-12-14T10:00:00","date_gmt":"2020-12-14T09:00:00","guid":{"rendered":"https:\/\/cplarraga.educacion.navarra.es\/web\/?p=4544"},"modified":"2021-01-03T09:28:25","modified_gmt":"2021-01-03T08:28:25","slug":"consulta-boletin-de-notas","status":"publish","type":"post","link":"https:\/\/cplarraga.educacion.navarra.es\/web\/blog\/consulta-boletin-de-notas\/","title":{"rendered":"Consulta bolet\u00edn de notas"},"content":{"rendered":"\n<figure class=\"wp-block-image size-large\"><img loading=\"lazy\" width=\"1024\" height=\"493\" src=\"https:\/\/cplarraga.educacion.navarra.es\/web\/wp-content\/uploads\/2020\/12\/Pa\u0301gina-Web-Tienda-en-Li\u0301nea-Decoracio\u0301n-Casa-y-Mobiliario-Gris-1024x493.jpg\" alt=\"\" class=\"wp-image-4543\" srcset=\"https:\/\/cplarraga.educacion.navarra.es\/web\/wp-content\/uploads\/2020\/12\/Pa\u0301gina-Web-Tienda-en-Li\u0301nea-Decoracio\u0301n-Casa-y-Mobiliario-Gris-1024x493.jpg 1024w, https:\/\/cplarraga.educacion.navarra.es\/web\/wp-content\/uploads\/2020\/12\/Pa\u0301gina-Web-Tienda-en-Li\u0301nea-Decoracio\u0301n-Casa-y-Mobiliario-Gris-300x144.jpg 300w, https:\/\/cplarraga.educacion.navarra.es\/web\/wp-content\/uploads\/2020\/12\/Pa\u0301gina-Web-Tienda-en-Li\u0301nea-Decoracio\u0301n-Casa-y-Mobiliario-Gris-768x370.jpg 768w, https:\/\/cplarraga.educacion.navarra.es\/web\/wp-content\/uploads\/2020\/12\/Pa\u0301gina-Web-Tienda-en-Li\u0301nea-Decoracio\u0301n-Casa-y-Mobiliario-Gris.jpg 1350w\" sizes=\"(max-width: 1024px) 100vw, 1024px\" \/><\/figure>\n\n\n\n<p>El d\u00eda <strong>21 de diciembre<\/strong>, a lo largo de la ma\u00f1ana estar\u00e1n, disponibles para su <strong>consulta\u00a0 las notas<\/strong> de vuestras hijas e hijos por medio de internet, en el <strong><a href=\"https:\/\/educa.navarra.es\/\" target=\"_blank\" rel=\"noreferrer noopener\">portal Educa<\/a><\/strong> del Departamento de Educaci\u00f3n.<\/p>\n\n\n\n<p><br>Los padres y madres que no conozc\u00e1is, o hay\u00e1is olvidado, vuestro&nbsp; usuario y contrase\u00f1a pod\u00e9is solicitarlo al correo electr\u00f3nico cplarrag@educacion.navarra.es.<\/p>\n\n\n\n<p class=\"has-black-color has-text-color has-background\" style=\"background-color:#78dcd8\"><a href=\"https:\/\/cplarraga.educacion.navarra.es\/web\/videos-de-ayuda\/\" target=\"_blank\" rel=\"noreferrer noopener\">V\u00eddeo de ayuda &#8211; Consulta del bolet\u00edn de notas de una alumna o alumno.<\/a><\/p>\n\n\n\n<p><\/p>\n","protected":false},"excerpt":{"rendered":"<p>Disponibles el d\u00eda 21 de diciembre a lo largo de la ma\u00f1ana.<\/p>\n","protected":false},"author":6,"featured_media":4600,"comment_status":"open","ping_status":"open","sticky":false,"template":"","format":"standard","meta":{"_genesis_hide_title":false,"_genesis_hide_breadcrumbs":false,"_genesis_hide_singular_image":false,"_genesis_hide_footer_widgets":false,"_genesis_custom_body_class":"","_genesis_custom_post_class":"","_genesis_layout":""},"categories":[7,1],"tags":[],"_links":{"self":[{"href":"https:\/\/cplarraga.educacion.navarra.es\/web\/wp-json\/wp\/v2\/posts\/4544"}],"collection":[{"href":"https:\/\/cplarraga.educacion.navarra.es\/web\/wp-json\/wp\/v2\/posts"}],"about":[{"href":"https:\/\/cplarraga.educacion.navarra.es\/web\/wp-json\/wp\/v2\/types\/post"}],"author":[{"embeddable":true,"href":"https:\/\/cplarraga.educacion.navarra.es\/web\/wp-json\/wp\/v2\/users\/6"}],"replies":[{"embeddable":true,"href":"https:\/\/cplarraga.educacion.navarra.es\/web\/wp-json\/wp\/v2\/comments?post=4544"}],"version-history":[{"count":8,"href":"https:\/\/cplarraga.educacion.navarra.es\/web\/wp-json\/wp\/v2\/posts\/4544\/revisions"}],"predecessor-version":[{"id":4637,"href":"https:\/\/cplarraga.educacion.navarra.es\/web\/wp-json\/wp\/v2\/posts\/4544\/revisions\/4637"}],"wp:featuredmedia":[{"embeddable":true,"href":"https:\/\/cplarraga.educacion.navarra.es\/web\/wp-json\/wp\/v2\/media\/4600"}],"wp:attachment":[{"href":"https:\/\/cplarraga.educacion.navarra.es\/web\/wp-json\/wp\/v2\/media?parent=4544"}],"wp:term":[{"taxonomy":"category","embeddable":true,"href":"https:\/\/cplarraga.educacion.navarra.es\/web\/wp-json\/wp\/v2\/categories?post=4544"},{"taxonomy":"post_tag","embeddable":true,"href":"https:\/\/cplarraga.educacion.navarra.es\/web\/wp-json\/wp\/v2\/tags?post=4544"}],"curies":[{"name":"wp","href":"https:\/\/api.w.org\/{rel}","templated":true}]}}