{"id":4287,"date":"2020-09-01T16:50:20","date_gmt":"2020-09-01T14:50:20","guid":{"rendered":"https:\/\/cplarraga.educacion.navarra.es\/web\/?p=4287"},"modified":"2020-09-01T17:08:27","modified_gmt":"2020-09-01T15:08:27","slug":"informacion-comienzo-curso","status":"publish","type":"post","link":"https:\/\/cplarraga.educacion.navarra.es\/web\/blog\/informacion-comienzo-curso\/","title":{"rendered":"Informaci\u00f3n comienzo curso"},"content":{"rendered":"\n<p>El pr\u00f3ximo lunes <strong>7 de septiembre<\/strong> dar\u00e1n inicio las <strong>clases presenciales<\/strong> en nuestro centro.<\/p>\n\n\n\n<p>El Plan de Contingencia ante el COVID-19, adaptado a nuestro centro, es muy extenso. Lo daremos a conocer a la Comunidad Educativa.<\/p>\n\n\n\n<p>Pero, con el fin de facilitar el inicio del curso, hemos preparado un resumen con los aspectos esenciales que las familias deb\u00e9is tener en cuenta para el primer d\u00eda.<\/p>\n\n\n\n<p>Es muy importante que le\u00e1is atentamente el <strong><a href=\"https:\/\/drive.google.com\/file\/d\/1ReQgGis0WkAI1uoOAMtRcdRp4GaTGq3S\/view?usp=sharing\" target=\"_blank\" rel=\"noreferrer noopener\">documento<\/a><\/strong> y as\u00ed podamos cumplir con la normativa.<\/p>\n\n\n\n<p>Por destacar un punto esencial, <strong>todo el alumnado<\/strong> y <strong>todas las familias<\/strong> deber\u00e1n llevar <strong>mascarilla<\/strong>.<\/p>\n\n\n\n<p>Estas normas se dar\u00e1n a conocer en las <strong>reuniones <\/strong>a las que se convoca en la <strong><a href=\"https:\/\/drive.google.com\/file\/d\/1QS7LThp8K2MifmizqSH6WDd2lW2XBOwP\/view?usp=sharing\" target=\"_blank\" rel=\"noreferrer noopener\">tabla <\/a><\/strong>adjunta (con el d\u00eda y la hora).<\/p>\n\n\n\n<p>Estas reuniones se realizar\u00e1n en el patio, con un \u00fanico familiar por ni\u00f1a o ni\u00f1o, con mascarillas y sin traer a los hijos e hijas (si es imposible y alguno\/a acude, deber\u00e1 permanecer junto a su familiar sin ir al parque ni correr por el patio). En caso de tener varias hijas\/hijos, s\u00f3lo hay que ir a una reuni\u00f3n, preferiblemente a la del m\u00e1s peque\u00f1o.<\/p>\n\n\n\n<p>\u00a0 \u00a0 \u00a0 \u00a0 \u00a0 \u00a0 \u00a0 \u00a0 \u00a0 \u00a0 \u00a0 \u00a0 \u00a0 \u00a0 \u00a0 \u00a0 \u00a0 \u00a0 \u00a0 \u00a0 \u00a0 \u00a0 \u00a0 \u00a0 \u00a0 \u00a0 \u00a0 \u00a0 \u00a0 \u00a0 \u00a0 \u00a0 \u00a0 \u00a0 \u00a0 \u00a0 \u00a0 \u00a0 \u00a0 \u00a0 \u00a0 \u00a0 \u00a0 \u00a0 \u00a0 \u00a0 \u00a0 \u00a0 \u00a0 \u00a0 \u00a0 \u00a0 \u00a0 \u00a0 \u00a0 \u00a0 \u00a0 \u00a0 \u00a0 \u00a0 \u00a0 \u00a0 \u00a0 \u00a0 \u00a0 \u00a0 \u00a0 \u00a0 \u00a0 \u00a0 \u00a0 \u00a0 \u00a0 \u00a0 \u00a0 \u00a0 \u00a0 \u00a0 \u00a0 \u00a0 \u00a0 \u00a0 \u00a0 \u00a0 \u00a0 Un saludo.<\/p>\n\n\n\n<div class=\"wp-block-image\"><figure class=\"aligncenter size-large\"><img loading=\"lazy\" width=\"726\" height=\"1024\" src=\"https:\/\/cplarraga.educacion.navarra.es\/web\/wp-content\/uploads\/2020\/09\/volvemos-726x1024.jpg\" alt=\"\" class=\"wp-image-4293\" srcset=\"https:\/\/cplarraga.educacion.navarra.es\/web\/wp-content\/uploads\/2020\/09\/volvemos-726x1024.jpg 726w, https:\/\/cplarraga.educacion.navarra.es\/web\/wp-content\/uploads\/2020\/09\/volvemos-213x300.jpg 213w, https:\/\/cplarraga.educacion.navarra.es\/web\/wp-content\/uploads\/2020\/09\/volvemos-768x1083.jpg 768w, https:\/\/cplarraga.educacion.navarra.es\/web\/wp-content\/uploads\/2020\/09\/volvemos-1090x1536.jpg 1090w, https:\/\/cplarraga.educacion.navarra.es\/web\/wp-content\/uploads\/2020\/09\/volvemos.jpg 1135w\" sizes=\"(max-width: 726px) 100vw, 726px\" \/><\/figure><\/div>\n","protected":false},"excerpt":{"rendered":"<p>Inicio clases presenciales 7 septiembre. Resumen Plan de Contingencia y reuniones informativas.<\/p>\n","protected":false},"author":6,"featured_media":4296,"comment_status":"open","ping_status":"open","sticky":false,"template":"","format":"standard","meta":{"_genesis_hide_title":false,"_genesis_hide_breadcrumbs":false,"_genesis_hide_singular_image":false,"_genesis_hide_footer_widgets":false,"_genesis_custom_body_class":"","_genesis_custom_post_class":"","_genesis_layout":""},"categories":[7,1],"tags":[],"_links":{"self":[{"href":"https:\/\/cplarraga.educacion.navarra.es\/web\/wp-json\/wp\/v2\/posts\/4287"}],"collection":[{"href":"https:\/\/cplarraga.educacion.navarra.es\/web\/wp-json\/wp\/v2\/posts"}],"about":[{"href":"https:\/\/cplarraga.educacion.navarra.es\/web\/wp-json\/wp\/v2\/types\/post"}],"author":[{"embeddable":true,"href":"https:\/\/cplarraga.educacion.navarra.es\/web\/wp-json\/wp\/v2\/users\/6"}],"replies":[{"embeddable":true,"href":"https:\/\/cplarraga.educacion.navarra.es\/web\/wp-json\/wp\/v2\/comments?post=4287"}],"version-history":[{"count":8,"href":"https:\/\/cplarraga.educacion.navarra.es\/web\/wp-json\/wp\/v2\/posts\/4287\/revisions"}],"predecessor-version":[{"id":4299,"href":"https:\/\/cplarraga.educacion.navarra.es\/web\/wp-json\/wp\/v2\/posts\/4287\/revisions\/4299"}],"wp:featuredmedia":[{"embeddable":true,"href":"https:\/\/cplarraga.educacion.navarra.es\/web\/wp-json\/wp\/v2\/media\/4296"}],"wp:attachment":[{"href":"https:\/\/cplarraga.educacion.navarra.es\/web\/wp-json\/wp\/v2\/media?parent=4287"}],"wp:term":[{"taxonomy":"category","embeddable":true,"href":"https:\/\/cplarraga.educacion.navarra.es\/web\/wp-json\/wp\/v2\/categories?post=4287"},{"taxonomy":"post_tag","embeddable":true,"href":"https:\/\/cplarraga.educacion.navarra.es\/web\/wp-json\/wp\/v2\/tags?post=4287"}],"curies":[{"name":"wp","href":"https:\/\/api.w.org\/{rel}","templated":true}]}}