{"id":4220,"date":"2020-06-25T19:33:52","date_gmt":"2020-06-25T17:33:52","guid":{"rendered":"https:\/\/cplarraga.educacion.navarra.es\/web\/?p=4220"},"modified":"2020-06-25T19:36:52","modified_gmt":"2020-06-25T17:36:52","slug":"despedida-curso-2019-2020","status":"publish","type":"post","link":"https:\/\/cplarraga.educacion.navarra.es\/web\/blog\/despedida-curso-2019-2020\/","title":{"rendered":"2020 Despedida curso."},"content":{"rendered":"\n<p>Parece que fue ayer cuando llegasteis por primera vez a la escuela . . . \u00abel gran equipo de sexto\u00bb. . . es el momento de abrir las puertas, volar y aprovechar cada d\u00eda, no dej\u00e9is nunca de so\u00f1ar.<\/p>\n\n\n\n<div class=\"wp-block-image\"><figure class=\"aligncenter size-large\"><a href=\"https:\/\/drive.google.com\/file\/d\/1Z_GF31C4cgQs_v8E6vVIQdUCHOg_qx96\/view\" target=\"_blank\" rel=\"noopener noreferrer\"><img loading=\"lazy\" width=\"698\" height=\"425\" src=\"https:\/\/cplarraga.educacion.navarra.es\/web\/wp-content\/uploads\/2020\/06\/ColegioPublicoSanMiguelLarraga2011-2020_SiPuedesSo\u00f1arloPuedesHacerlo.jpg\" alt=\"\" class=\"wp-image-4226\" srcset=\"https:\/\/cplarraga.educacion.navarra.es\/web\/wp-content\/uploads\/2020\/06\/ColegioPublicoSanMiguelLarraga2011-2020_SiPuedesSo\u00f1arloPuedesHacerlo.jpg 698w, https:\/\/cplarraga.educacion.navarra.es\/web\/wp-content\/uploads\/2020\/06\/ColegioPublicoSanMiguelLarraga2011-2020_SiPuedesSo\u00f1arloPuedesHacerlo-300x183.jpg 300w\" sizes=\"(max-width: 698px) 100vw, 698px\" \/><\/a><\/figure><\/div>\n\n\n\n<!--more-->\n\n\n\n<p class=\"has-text-align-left\">Las profesoras de Educaci\u00f3n Infantil despiden a todas sus alumnas y alumnos deseandoles un buen verano y un !hasta septiembre!<\/p>\n\n\n\n<div class=\"wp-block-image\"><figure class=\"aligncenter size-large\"><a href=\"https:\/\/drive.google.com\/file\/d\/1eRfswPounEXZlj7xqBd6vObFomHSsjV7\/view\" target=\"_blank\" rel=\"noopener noreferrer\"><img loading=\"lazy\" width=\"726\" height=\"264\" src=\"https:\/\/cplarraga.educacion.navarra.es\/web\/wp-content\/uploads\/2020\/06\/DespedidaEducaci\u00f3nInfantil2019-20.jpg\" alt=\"\" class=\"wp-image-4222\" srcset=\"https:\/\/cplarraga.educacion.navarra.es\/web\/wp-content\/uploads\/2020\/06\/DespedidaEducaci\u00f3nInfantil2019-20.jpg 726w, https:\/\/cplarraga.educacion.navarra.es\/web\/wp-content\/uploads\/2020\/06\/DespedidaEducaci\u00f3nInfantil2019-20-300x109.jpg 300w\" sizes=\"(max-width: 726px) 100vw, 726px\" \/><\/a><\/figure><\/div>\n","protected":false},"excerpt":{"rendered":"<p>Parece que fue ayer cuando llegasteis por primera vez a la escuela . . . \u00abel gran equipo de sexto\u00bb. . . es el momento de abrir las puertas, volar y aprovechar cada d\u00eda, no dej\u00e9is nunca de so\u00f1ar.<\/p>\n","protected":false},"author":6,"featured_media":0,"comment_status":"open","ping_status":"open","sticky":false,"template":"","format":"standard","meta":{"_genesis_hide_title":false,"_genesis_hide_breadcrumbs":false,"_genesis_hide_singular_image":false,"_genesis_hide_footer_widgets":false,"_genesis_custom_body_class":"","_genesis_custom_post_class":"","_genesis_layout":""},"categories":[4],"tags":[],"_links":{"self":[{"href":"https:\/\/cplarraga.educacion.navarra.es\/web\/wp-json\/wp\/v2\/posts\/4220"}],"collection":[{"href":"https:\/\/cplarraga.educacion.navarra.es\/web\/wp-json\/wp\/v2\/posts"}],"about":[{"href":"https:\/\/cplarraga.educacion.navarra.es\/web\/wp-json\/wp\/v2\/types\/post"}],"author":[{"embeddable":true,"href":"https:\/\/cplarraga.educacion.navarra.es\/web\/wp-json\/wp\/v2\/users\/6"}],"replies":[{"embeddable":true,"href":"https:\/\/cplarraga.educacion.navarra.es\/web\/wp-json\/wp\/v2\/comments?post=4220"}],"version-history":[{"count":9,"href":"https:\/\/cplarraga.educacion.navarra.es\/web\/wp-json\/wp\/v2\/posts\/4220\/revisions"}],"predecessor-version":[{"id":4231,"href":"https:\/\/cplarraga.educacion.navarra.es\/web\/wp-json\/wp\/v2\/posts\/4220\/revisions\/4231"}],"wp:attachment":[{"href":"https:\/\/cplarraga.educacion.navarra.es\/web\/wp-json\/wp\/v2\/media?parent=4220"}],"wp:term":[{"taxonomy":"category","embeddable":true,"href":"https:\/\/cplarraga.educacion.navarra.es\/web\/wp-json\/wp\/v2\/categories?post=4220"},{"taxonomy":"post_tag","embeddable":true,"href":"https:\/\/cplarraga.educacion.navarra.es\/web\/wp-json\/wp\/v2\/tags?post=4220"}],"curies":[{"name":"wp","href":"https:\/\/api.w.org\/{rel}","templated":true}]}}