{"id":4146,"date":"2020-05-30T13:30:13","date_gmt":"2020-05-30T11:30:13","guid":{"rendered":"https:\/\/cplarraga.educacion.navarra.es\/web\/?p=4146"},"modified":"2020-06-13T20:51:45","modified_gmt":"2020-06-13T18:51:45","slug":"la-sala-de-margarita","status":"publish","type":"post","link":"https:\/\/cplarraga.educacion.navarra.es\/web\/blog\/la-sala-de-margarita\/","title":{"rendered":"La sala de Margarita"},"content":{"rendered":"\n<div class=\"wp-block-media-text alignwide has-media-on-the-right is-stacked-on-mobile\" style=\"grid-template-columns:auto 51%\"><figure class=\"wp-block-media-text__media\"><a href=\"https:\/\/sites.google.com\/educacion.navarra.es\/cplarraga\/v%C3%ADdeos\" target=\"_blank\" rel=\"noopener noreferrer\"><img loading=\"lazy\" width=\"427\" height=\"213\" src=\"https:\/\/cplarraga.educacion.navarra.es\/web\/wp-content\/uploads\/2020\/06\/EduacionFisica_Geri_Miren.jpg\" alt=\"\" class=\"wp-image-4186\" srcset=\"https:\/\/cplarraga.educacion.navarra.es\/web\/wp-content\/uploads\/2020\/06\/EduacionFisica_Geri_Miren.jpg 427w, https:\/\/cplarraga.educacion.navarra.es\/web\/wp-content\/uploads\/2020\/06\/EduacionFisica_Geri_Miren-300x150.jpg 300w\" sizes=\"(max-width: 427px) 100vw, 427px\" \/><\/a><\/figure><div class=\"wp-block-media-text__content\">\n<div class=\"wp-container-1 wp-block-buttons\">\n<div class=\"wp-block-button\"><a class=\"wp-block-button__link\" href=\"\" target=\"_blank\" rel=\"noreferrer noopener\">Fragmento del v\u00eddeo<br>Navarra Televisi\u00f3n<\/a><\/div>\n<\/div>\n<\/div><\/div>\n\n\n\n<p><\/p>\n\n\n\n<hr class=\"wp-block-separator\"\/>\n\n\n\n<p class=\"has-text-align-left\">Estimadas familias:<\/p>\n\n\n\n<p class=\"has-text-color has-text-align-left has-very-dark-gray-color\">En el siguiente enlace pod\u00e9is encontrar informaci\u00f3n sobre un programa de televisi\u00f3n que se va a emitir con contenidos de diferentes \u00e1reas:<\/p>\n\n\n\n<p class=\"has-text-align-center\">Enlace:         <a href=\"https:\/\/ikasnova.digital\/la-sala-de-margarita\/\" target=\"_blank\" rel=\"noreferrer noopener\"><strong>https:\/\/ikasnova.digital\/la-sala-de-margarita\/<\/strong><\/a><\/p>\n\n\n\n<p class=\"has-text-align-left\">Os la adjuntamos tambi\u00e9n brevemente en un adjunto.<\/p>\n\n\n\n<p class=\"has-text-align-left\">Para realizar los programas se va a contar con <strong>v\u00eddeos realizados por ni\u00f1os y ni\u00f1as de diferentes colegios navarros, entre ellos el nuestro<\/strong>.<\/p>\n\n\n\n<p class=\"has-text-align-left\">Os compartimos la informaci\u00f3n para que anim\u00e9is a vuestros hijos e hijas a verlos.<\/p>\n\n\n\n<p class=\"has-text-align-right\">Atentamente,<\/p>\n\n\n\n<p class=\"has-text-align-right\">el colegio.<\/p>\n\n\n\n<hr class=\"wp-block-separator\"\/>\n\n\n\n<!--more-->\n\n\n\n<p><strong>\u00abLa sala de Margarita\u00bb <\/strong>es un nuevo <strong>programa de televisi\u00f3n<\/strong> creado de manera colaborativa entre varios <strong>centros educativos navarros<\/strong> durante estas semanas de confinamiento.<\/p>\n\n\n\n<p>El alumnado, profesorado y familias de los centros que han decidido participar en esta experiencia de<strong> aprendizaje servicio<\/strong>han grabado peque\u00f1os v\u00eddeos, y con ellos hemos montado <strong>\u00abLa sala de Margarita<\/strong>\u00ab.<\/p>\n\n\n\n<p><strong>\u00bfPor qu\u00e9 se llama as\u00ed?<\/strong>&nbsp;Para conocer la respuesta tendr\u00e9is que ver el cap\u00edtulo primero el pr\u00f3ximo <strong>martes 2 de junio en <\/strong><a rel=\"noreferrer noopener\" href=\"https:\/\/www.navarratelevision.es\/directo\" target=\"_blank\"><strong>NaTV.<\/strong><\/a><\/p>\n\n\n\n<p>Pero os damos una pista\u2026 \u00bfconoc\u00e9is mujeres cient\u00edficas?<\/p>\n\n\n\n<p>Los <strong>horarios<\/strong> de emisi\u00f3n son los siguientes, \u00a1apuntad bien porque seguro que no vais a querer perderos ni un programa!<\/p>\n\n\n\n<figure class=\"wp-block-table aligncenter\"><table><thead><tr><th>D\u00eda<\/th><th>Hora<\/th><th>Hora<\/th><\/tr><\/thead><tbody><tr><td><span class=\"has-inline-color has-vivid-purple-color\"><strong>Martes<\/strong><\/span><\/td><td><strong><span class=\"has-inline-color has-vivid-purple-color\">10:30<\/span><\/strong><\/td><td><strong><span class=\"has-inline-color has-vivid-purple-color\">17:30 (repetici\u00f3n)<\/span><\/strong><\/td><\/tr><tr><td>Mi\u00e9rcoles<\/td><td>10:30 <em>(repetici\u00f3n programa del martes)<\/em><\/td><td>17:30 <em>(repetici\u00f3n programa del martes)<\/em><\/td><\/tr><tr><td><span class=\"has-inline-color has-vivid-purple-color\"><strong>Jueves<\/strong><\/span><\/td><td><strong><span class=\"has-inline-color has-vivid-purple-color\">10:30<\/span><\/strong><\/td><td><strong><span class=\"has-inline-color has-vivid-purple-color\">17:30 (repetici\u00f3n)<\/span><\/strong><\/td><\/tr><tr><td>Viernes<\/td><td>10:30 <em>(repetici\u00f3n programa del jueves)<\/em><\/td><td>17:30 <em>(repetici\u00f3n programa del jueves)<\/em><\/td><\/tr><tr><td>S\u00e1bado<\/td><td>15:00 <em>(repetici\u00f3n programa del martes)<\/em><\/td><td>16:30 <em>(repetici\u00f3n programa del jueves)<\/em><\/td><\/tr><tr><td>Domingo<\/td><td>15:00 <em>(repetici\u00f3n programa del jueves)<\/em><\/td><td>16:30 <em>(repetici\u00f3n programa del martes)<\/em><\/td><\/tr><\/tbody><\/table><\/figure>\n\n\n\n<p><strong>Todos los martes y jueves tendremos programa nuevo a las 10:30. <\/strong>Si no puedes verlo estos d\u00edas o en este horario, se repetir\u00e1 los mismos d\u00edas por la tarde y los mi\u00e9rcoles, viernes, s\u00e1bado y domingo tambi\u00e9n a la ma\u00f1ana y a la tarde.<\/p>\n\n\n\n<p>Habr\u00e1 <strong>programa hasta<\/strong> un poco m\u00e1s all\u00e1 de final de curso, hasta el martes <strong>23 de junio incluido.<\/strong><\/p>\n\n\n\n<p>El principal <strong>objetivo de este programa<\/strong> es hacer llegar al alumnado navarro de Educaci\u00f3n Infantil y Primaria por una parte curiosidades, cuentos, historias etc. Que <strong>refuercen el trabajo de la escuela<\/strong> y por otro <strong>experiencias pr\u00e1cticas<\/strong> que se puedan replicar desde casa.<\/p>\n\n\n\n<p>El alumnado de los centros participantes se ha convertido en creador de contenido did\u00e1ctico como parte de sus tareas escolares durante el estado de alarma. Estas peque\u00f1as producciones se convierten,&nbsp;<strong>gracias a la emisi\u00f3n del programa en NaTV<\/strong>, en un&nbsp;<strong>servicio a la comunidad<\/strong>, muy interesante tanto para quienes lo han creado como para las ni\u00f1as y ni\u00f1os que vean el programa desde sus casas.<\/p>\n\n\n\n<p>Desde <a href=\"http:\/\/ikasnova.digital\/\"><strong>ikasNOVA<\/strong><\/a>queremos agradecer el esfuerzo hecho por el programa <a href=\"https:\/\/proeducarhezigarri.educacion.navarra.es\/\" target=\"_blank\" rel=\"noreferrer noopener\"><strong>Proeducar-Hezigarri<\/strong><\/a> del Departamento de Educaci\u00f3n para que este proyecto se hiciera realidad; sin los centros educativos de esta red no habr\u00eda sido posible.<strong>\u00a1Gracias!<\/strong><strong>\u00a1Os esperamos el pr\u00f3ximo d\u00eda 2 de junio a las 10:30 en <\/strong><a href=\"https:\/\/www.navarratelevision.es\/directo\" target=\"_blank\" rel=\"noreferrer noopener\"><strong>NaTV<\/strong><\/a><strong>!<\/strong> Seguro que reconoc\u00e9is a muchas compa\u00f1eras y compa\u00f1eros.<\/p>\n","protected":false},"excerpt":{"rendered":"<p>Programa de televisi\u00f3n, v\u00eddeos realizados por ni\u00f1as y ni\u00f1os de diferentes colegios.<br \/>\nMartes 2 junio, dos alumnas del colegio.<\/p>\n","protected":false},"author":6,"featured_media":4149,"comment_status":"open","ping_status":"open","sticky":false,"template":"","format":"standard","meta":{"_genesis_hide_title":false,"_genesis_hide_breadcrumbs":false,"_genesis_hide_singular_image":false,"_genesis_hide_footer_widgets":false,"_genesis_custom_body_class":"","_genesis_custom_post_class":"","_genesis_layout":""},"categories":[1],"tags":[],"_links":{"self":[{"href":"https:\/\/cplarraga.educacion.navarra.es\/web\/wp-json\/wp\/v2\/posts\/4146"}],"collection":[{"href":"https:\/\/cplarraga.educacion.navarra.es\/web\/wp-json\/wp\/v2\/posts"}],"about":[{"href":"https:\/\/cplarraga.educacion.navarra.es\/web\/wp-json\/wp\/v2\/types\/post"}],"author":[{"embeddable":true,"href":"https:\/\/cplarraga.educacion.navarra.es\/web\/wp-json\/wp\/v2\/users\/6"}],"replies":[{"embeddable":true,"href":"https:\/\/cplarraga.educacion.navarra.es\/web\/wp-json\/wp\/v2\/comments?post=4146"}],"version-history":[{"count":24,"href":"https:\/\/cplarraga.educacion.navarra.es\/web\/wp-json\/wp\/v2\/posts\/4146\/revisions"}],"predecessor-version":[{"id":4190,"href":"https:\/\/cplarraga.educacion.navarra.es\/web\/wp-json\/wp\/v2\/posts\/4146\/revisions\/4190"}],"wp:featuredmedia":[{"embeddable":true,"href":"https:\/\/cplarraga.educacion.navarra.es\/web\/wp-json\/wp\/v2\/media\/4149"}],"wp:attachment":[{"href":"https:\/\/cplarraga.educacion.navarra.es\/web\/wp-json\/wp\/v2\/media?parent=4146"}],"wp:term":[{"taxonomy":"category","embeddable":true,"href":"https:\/\/cplarraga.educacion.navarra.es\/web\/wp-json\/wp\/v2\/categories?post=4146"},{"taxonomy":"post_tag","embeddable":true,"href":"https:\/\/cplarraga.educacion.navarra.es\/web\/wp-json\/wp\/v2\/tags?post=4146"}],"curies":[{"name":"wp","href":"https:\/\/api.w.org\/{rel}","templated":true}]}}