{"id":4091,"date":"2020-05-05T16:15:58","date_gmt":"2020-05-05T14:15:58","guid":{"rendered":"https:\/\/cplarraga.educacion.navarra.es\/web\/?p=4091"},"modified":"2020-05-09T21:35:14","modified_gmt":"2020-05-09T19:35:14","slug":"preinscripcion-instituto-tafalla-curso-2020-2021","status":"publish","type":"post","link":"https:\/\/cplarraga.educacion.navarra.es\/web\/blog\/preinscripcion-instituto-tafalla-curso-2020-2021\/","title":{"rendered":"Preinscripci\u00f3n instituto Tafalla curso  2020-2021"},"content":{"rendered":"\n<p>Notificaci\u00f3n del instituto de Tafalla informando que en su p\u00e1gina web han habilitado un enlace para hacer la preinscripci\u00f3n online para el curso 2020-2021. <\/p>\n\n\n\n<div class=\"wp-container-1 wp-block-group\"><div class=\"wp-block-group__inner-container\">\n<ul><li>Si quer\u00e9is que vuestros hijos e hijas vayan al <strong>instituto de Tafalla<\/strong> el pr\u00f3ximo curso, deber\u00e9is rellenar el <em>formulario antes del s\u00e1bado 9 de mayo a las 23:59 horas.<\/em><\/li><li>Si vuestros hijos van a acudir a <strong>otro centro<\/strong> <em>NO TEN\u00c9IS QUE HACER NADA<\/em>. <\/li><\/ul>\n<\/div><\/div>\n\n\n\n<figure class=\"wp-block-table is-style-regular\"><table class=\"has-fixed-layout\"><thead><tr><th>Instituto IES Tafalla<\/th><th><\/th><th>Otro instituto<\/th><\/tr><\/thead><tbody><tr><td>Deber\u00e9is rellenar el formulario antes del s\u00e1bado 9 de mayo a las 23:59 horas.<\/td><td> <\/td><td>NO TEN\u00c9IS QUE HACER NADA.<\/td><\/tr><\/tbody><\/table><\/figure>\n\n\n\n<p>&nbsp;<\/p>\n\n\n\n<figure class=\"wp-block-image size-large is-resized is-style-default\"><a href=\"https:\/\/iestafalla.educacion.navarra.es\/web\/blog\/2020\/05\/05\/preinscripciones-2020-2021\/\" target=\"_blank\" rel=\"Acceso a la preinscripci\u00f3n noopener noreferrer\"><img loading=\"lazy\" src=\"https:\/\/cplarraga.educacion.navarra.es\/web\/wp-content\/uploads\/2020\/03\/IES-Tafalla4.jpg\" alt=\"\" class=\"wp-image-3885\" width=\"577\" height=\"132\" srcset=\"https:\/\/cplarraga.educacion.navarra.es\/web\/wp-content\/uploads\/2020\/03\/IES-Tafalla4.jpg 410w, https:\/\/cplarraga.educacion.navarra.es\/web\/wp-content\/uploads\/2020\/03\/IES-Tafalla4-300x69.jpg 300w\" sizes=\"(max-width: 577px) 100vw, 577px\" \/><\/a><\/figure>\n\n\n\n<p>&nbsp; Pinchar en: \u00ab<strong>Instrucciones 1\u00ba ESO<\/strong>\u00bb o \u00ab<strong>Formulario<\/strong>\u00ab.<\/p>\n\n\n\n<img src=\"https:\/\/cplarraga.educacion.navarra.es\/web\/wp-content\/uploads\/2020\/05\/IesTafalla_Presinscripcion_727x361_c.jpg\" usemap=\"#instruformu\">    \n    <map name=\"instruformu\" id=\"identinstru\">\n        <area shape=\"rect\" coords=\"87,321,296,349\" href=\"https:\/\/docs.google.com\/document\/d\/1rY37jvef5DmuD6ZPtAldcgeK14sPCh5NZ1x9RbN24Es\/edit\" target=\"_blank\" title=\"Leer las instrucciones\"> \n        <area shape=\"rect\" coords=\"318,321,420,349\" href=\"https:\/\/docs.google.com\/forms\/d\/e\/1FAIpQLSd1u0oLHKbuGlGR8RNt_Zrq_5DvDT-vV2ICSkH881fnKASw9w\/viewform\" target=\"_blank\" title=\"Hacer la preinscripci\u00f3n\">\n\n    <\/map>\n","protected":false},"excerpt":{"rendered":"<p>Preinscripci\u00f3n online antes del s\u00e1bado 9 mayo a lass 23:59h.<\/p>\n","protected":false},"author":6,"featured_media":3887,"comment_status":"open","ping_status":"open","sticky":false,"template":"","format":"standard","meta":{"_genesis_hide_title":false,"_genesis_hide_breadcrumbs":false,"_genesis_hide_singular_image":false,"_genesis_hide_footer_widgets":false,"_genesis_custom_body_class":"","_genesis_custom_post_class":"","_genesis_layout":""},"categories":[1],"tags":[],"_links":{"self":[{"href":"https:\/\/cplarraga.educacion.navarra.es\/web\/wp-json\/wp\/v2\/posts\/4091"}],"collection":[{"href":"https:\/\/cplarraga.educacion.navarra.es\/web\/wp-json\/wp\/v2\/posts"}],"about":[{"href":"https:\/\/cplarraga.educacion.navarra.es\/web\/wp-json\/wp\/v2\/types\/post"}],"author":[{"embeddable":true,"href":"https:\/\/cplarraga.educacion.navarra.es\/web\/wp-json\/wp\/v2\/users\/6"}],"replies":[{"embeddable":true,"href":"https:\/\/cplarraga.educacion.navarra.es\/web\/wp-json\/wp\/v2\/comments?post=4091"}],"version-history":[{"count":18,"href":"https:\/\/cplarraga.educacion.navarra.es\/web\/wp-json\/wp\/v2\/posts\/4091\/revisions"}],"predecessor-version":[{"id":4123,"href":"https:\/\/cplarraga.educacion.navarra.es\/web\/wp-json\/wp\/v2\/posts\/4091\/revisions\/4123"}],"wp:featuredmedia":[{"embeddable":true,"href":"https:\/\/cplarraga.educacion.navarra.es\/web\/wp-json\/wp\/v2\/media\/3887"}],"wp:attachment":[{"href":"https:\/\/cplarraga.educacion.navarra.es\/web\/wp-json\/wp\/v2\/media?parent=4091"}],"wp:term":[{"taxonomy":"category","embeddable":true,"href":"https:\/\/cplarraga.educacion.navarra.es\/web\/wp-json\/wp\/v2\/categories?post=4091"},{"taxonomy":"post_tag","embeddable":true,"href":"https:\/\/cplarraga.educacion.navarra.es\/web\/wp-json\/wp\/v2\/tags?post=4091"}],"curies":[{"name":"wp","href":"https:\/\/api.w.org\/{rel}","templated":true}]}}