{"id":4015,"date":"2020-04-06T18:11:50","date_gmt":"2020-04-06T16:11:50","guid":{"rendered":"https:\/\/cplarraga.educacion.navarra.es\/web\/?p=4015"},"modified":"2020-04-06T18:30:37","modified_gmt":"2020-04-06T16:30:37","slug":"servicio-de-apoyo-educativo-orientacion","status":"publish","type":"post","link":"https:\/\/cplarraga.educacion.navarra.es\/web\/blog\/servicio-de-apoyo-educativo-orientacion\/","title":{"rendered":"Servicio de Apoyo Educativo-Orientaci\u00f3n"},"content":{"rendered":"\n<div class=\"wp-container-1 wp-block-group\"><div class=\"wp-block-group__inner-container\">\n<p style=\"background-color:#c59deb\" class=\"has-text-color has-background has-text-align-right has-very-dark-gray-color\"><strong>Unidad de Apoyo Educativo-Orientaci\u00f3n. <\/strong><\/p>\n<\/div><\/div>\n\n\n\n<div class=\"wp-container-2 wp-block-group\"><div class=\"wp-block-group__inner-container\">\n<p style=\"background-color:#c59deb\" class=\"has-text-color has-background has-text-align-right has-very-dark-gray-color\"><strong>Orientadora: Blanca Conde G\u00f3mez<\/strong><\/p>\n<\/div><\/div>\n\n\n\n<p><\/p>\n\n\n\n<p class=\"has-text-color has-very-dark-gray-color\">Familias del C.P. San Miguel de Larraga,<\/p>\n\n\n\n<p>Cuando all\u00e1 por el d\u00eda 13 de Marzo, el Departamento de Educaci\u00f3n del Gobierno de Navarra, orden\u00f3 el cierre de todos los centros escolares de la Comunidad&nbsp; Foral, ninguno de nosotros\/as imaginaba que esta situaci\u00f3n se iba a alargar tanto en el tiempo. Cuando ya hemos superado la tercera semana de confinamiento y una vez confirmado que esta situaci\u00f3n a\u00fan se va a alargar dos semanas m\u00e1s, he considerado conveniente trasladaros mi disponibilidad para ayudaros a sobrellevar esta situaci\u00f3n de crisis de la mejor manera posible.<\/p>\n\n\n\n<p>A aquellas familias con las que tengo contacto m\u00e1s frecuente durante el curso, ya les hice llegar mi disposici\u00f3n una vez confirmada la pr\u00f3rroga del estado de alarma y ahora la quiero hacer extensiva al resto de familias (padres, madres y alumnado).<\/p>\n\n\n\n<p>Si necesit\u00e1is <strong>asesoramiento, pautas u orientaciones<\/strong> para manejar posibles situaciones de ansiedad, inestabilidad emocional, alteraciones del estado de \u00e1nimo, dificultades para establecer h\u00e1bitos o aspectos similares, poneros en contacto conmigo en la direcci\u00f3n de <strong>e-mail orientacion.larragaartajona@educacion.navarra.es<\/strong><\/p>\n\n\n\n<p>Intentar\u00e9 ponerme en contacto con vosotros\/as a la mayor brevedad posible.<\/p>\n\n\n\n<p class=\"has-text-align-center\">\u00c1NIMO PARA TODOS\/AS<\/p>\n\n\n\n<p>La Orientadora<\/p>\n\n\n\n<p><\/p>\n\n\n\n<p><\/p>\n\n\n\n<div class=\"wp-container-3 wp-block-group\"><div class=\"wp-block-group__inner-container\">\n<div class=\"wp-block-file\"><a href=\"https:\/\/cplarraga.educacion.navarra.es\/web\/wp-content\/uploads\/2020\/04\/Unidad-de-Apoyo-Educativo-Orientaci\u00f3n.pdf\">Unidad-de-Apoyo-Educativo-Orientaci\u00f3n<\/a><a href=\"https:\/\/cplarraga.educacion.navarra.es\/web\/wp-content\/uploads\/2020\/04\/Unidad-de-Apoyo-Educativo-Orientaci\u00f3n.pdf\" class=\"wp-block-file__button\" download>Descarga<\/a><\/div>\n<\/div><\/div>\n\n\n\n<p><\/p>\n","protected":false},"excerpt":{"rendered":"<p>Nuevo servicio de apoyo educativo y orientaci\u00f3n para la familias.<\/p>\n","protected":false},"author":6,"featured_media":4023,"comment_status":"open","ping_status":"open","sticky":false,"template":"","format":"standard","meta":{"_genesis_hide_title":false,"_genesis_hide_breadcrumbs":false,"_genesis_hide_singular_image":false,"_genesis_hide_footer_widgets":false,"_genesis_custom_body_class":"","_genesis_custom_post_class":"","_genesis_layout":""},"categories":[1],"tags":[],"_links":{"self":[{"href":"https:\/\/cplarraga.educacion.navarra.es\/web\/wp-json\/wp\/v2\/posts\/4015"}],"collection":[{"href":"https:\/\/cplarraga.educacion.navarra.es\/web\/wp-json\/wp\/v2\/posts"}],"about":[{"href":"https:\/\/cplarraga.educacion.navarra.es\/web\/wp-json\/wp\/v2\/types\/post"}],"author":[{"embeddable":true,"href":"https:\/\/cplarraga.educacion.navarra.es\/web\/wp-json\/wp\/v2\/users\/6"}],"replies":[{"embeddable":true,"href":"https:\/\/cplarraga.educacion.navarra.es\/web\/wp-json\/wp\/v2\/comments?post=4015"}],"version-history":[{"count":4,"href":"https:\/\/cplarraga.educacion.navarra.es\/web\/wp-json\/wp\/v2\/posts\/4015\/revisions"}],"predecessor-version":[{"id":4021,"href":"https:\/\/cplarraga.educacion.navarra.es\/web\/wp-json\/wp\/v2\/posts\/4015\/revisions\/4021"}],"wp:featuredmedia":[{"embeddable":true,"href":"https:\/\/cplarraga.educacion.navarra.es\/web\/wp-json\/wp\/v2\/media\/4023"}],"wp:attachment":[{"href":"https:\/\/cplarraga.educacion.navarra.es\/web\/wp-json\/wp\/v2\/media?parent=4015"}],"wp:term":[{"taxonomy":"category","embeddable":true,"href":"https:\/\/cplarraga.educacion.navarra.es\/web\/wp-json\/wp\/v2\/categories?post=4015"},{"taxonomy":"post_tag","embeddable":true,"href":"https:\/\/cplarraga.educacion.navarra.es\/web\/wp-json\/wp\/v2\/tags?post=4015"}],"curies":[{"name":"wp","href":"https:\/\/api.w.org\/{rel}","templated":true}]}}