{"id":3119,"date":"2020-02-17T09:45:43","date_gmt":"2020-02-17T08:45:43","guid":{"rendered":"https:\/\/cplarraga.educacion.navarra.es\/web\/?p=3119"},"modified":"2020-02-17T09:53:59","modified_gmt":"2020-02-17T08:53:59","slug":"2020-02-17-primaria-3o-y-4o","status":"publish","type":"post","link":"https:\/\/cplarraga.educacion.navarra.es\/web\/blog\/2020-02-17-primaria-3o-y-4o\/","title":{"rendered":"2020-02-17 Primaria 3\u00ba y 4\u00ba"},"content":{"rendered":"\n<p>Estimadas\nfamilias,<\/p>\n\n\n\n<p>Para la celebraci\u00f3n del carnaval, el\npr\u00f3ximo viernes d\u00eda 21 de febrero, necesitaremos que el alumnado venga vestido\ncon ropa c\u00f3moda de color oscuro. Con el material que hab\u00e9is aportado\nterminaremos de vestirnos en el aula. <\/p>\n\n\n\n<p>Gracias por vuestra colaboraci\u00f3n<\/p>\n\n\n\n<p>Las tutoras<\/p>\n\n\n\n<p class=\"has-text-color has-background has-text-align-center has-vivid-purple-color has-pale-cyan-blue-background-color\"><strong>NOTA EXCLUSIVA PARA 3\u00ba Y 4\u00ba DE PRIMARIA<\/strong><\/p>\n","protected":false},"excerpt":{"rendered":"<p>Estimadas familias, Para la celebraci\u00f3n del carnaval, el pr\u00f3ximo viernes d\u00eda 21 de febrero, necesitaremos que el alumnado venga vestido con ropa c\u00f3moda de color oscuro. Con el material que hab\u00e9is aportado terminaremos de vestirnos en el aula. Gracias por vuestra colaboraci\u00f3n Las tutoras NOTA EXCLUSIVA PARA 3\u00ba Y 4\u00ba DE PRIMARIA<\/p>\n","protected":false},"author":6,"featured_media":0,"comment_status":"open","ping_status":"open","sticky":false,"template":"","format":"standard","meta":{"_genesis_hide_title":false,"_genesis_hide_breadcrumbs":false,"_genesis_hide_singular_image":false,"_genesis_hide_footer_widgets":false,"_genesis_custom_body_class":"","_genesis_custom_post_class":"","_genesis_layout":""},"categories":[7],"tags":[],"_links":{"self":[{"href":"https:\/\/cplarraga.educacion.navarra.es\/web\/wp-json\/wp\/v2\/posts\/3119"}],"collection":[{"href":"https:\/\/cplarraga.educacion.navarra.es\/web\/wp-json\/wp\/v2\/posts"}],"about":[{"href":"https:\/\/cplarraga.educacion.navarra.es\/web\/wp-json\/wp\/v2\/types\/post"}],"author":[{"embeddable":true,"href":"https:\/\/cplarraga.educacion.navarra.es\/web\/wp-json\/wp\/v2\/users\/6"}],"replies":[{"embeddable":true,"href":"https:\/\/cplarraga.educacion.navarra.es\/web\/wp-json\/wp\/v2\/comments?post=3119"}],"version-history":[{"count":3,"href":"https:\/\/cplarraga.educacion.navarra.es\/web\/wp-json\/wp\/v2\/posts\/3119\/revisions"}],"predecessor-version":[{"id":3123,"href":"https:\/\/cplarraga.educacion.navarra.es\/web\/wp-json\/wp\/v2\/posts\/3119\/revisions\/3123"}],"wp:attachment":[{"href":"https:\/\/cplarraga.educacion.navarra.es\/web\/wp-json\/wp\/v2\/media?parent=3119"}],"wp:term":[{"taxonomy":"category","embeddable":true,"href":"https:\/\/cplarraga.educacion.navarra.es\/web\/wp-json\/wp\/v2\/categories?post=3119"},{"taxonomy":"post_tag","embeddable":true,"href":"https:\/\/cplarraga.educacion.navarra.es\/web\/wp-json\/wp\/v2\/tags?post=3119"}],"curies":[{"name":"wp","href":"https:\/\/api.w.org\/{rel}","templated":true}]}}