{"id":3106,"date":"2020-02-11T10:11:31","date_gmt":"2020-02-11T09:11:31","guid":{"rendered":"https:\/\/cplarraga.educacion.navarra.es\/web\/?p=3106"},"modified":"2020-02-11T10:11:50","modified_gmt":"2020-02-11T09:11:50","slug":"2020-02-10-salida-2o-a-6o-primaria","status":"publish","type":"post","link":"https:\/\/cplarraga.educacion.navarra.es\/web\/blog\/2020-02-10-salida-2o-a-6o-primaria\/","title":{"rendered":"2020-02-10 Salida al teatro 2\u00ba a 6\u00ba Primaria"},"content":{"rendered":"\n<p>Estimadas\nfamilias:<\/p>\n\n\n\n<p>El pr\u00f3ximo viernes 28 de\nfebrero acudiremos a una obra de teatro, organizada por la UPNA, sobre mujeres\ncient\u00edficas. La representaci\u00f3n ser\u00e1 en el Planetario de Pamplona. <\/p>\n\n\n\n<p>La entrada al teatro es\ngratuita, por lo que cada ni\u00f1o\/a tendr\u00e1 que pagar <strong>\u00fanicamente 6,50 euros del autob\u00fas.<\/strong><\/p>\n\n\n\n<p>La transferencia deber\u00e1\nrealizarse antes del d\u00eda 14 de febrero en el siguiente n\u00famero de cuenta:<\/p>\n\n\n\n<p><strong>N.\u00ba\nDE CUENTA: ES91 2100 3693 2922 0015 8152<\/strong><\/p>\n\n\n\n<p><strong>En\nel concepto debe aparecer: TEATRO y el nombre del ni\u00f1o\/a.<\/strong><\/p>\n\n\n\n<p>&nbsp;&nbsp;&nbsp;&nbsp;&nbsp;&nbsp;&nbsp;&nbsp;&nbsp;&nbsp;&nbsp; Entregad la autorizaci\u00f3n y el\njustificante de pago a las tutoras antes del viernes 14 de febrero.<\/p>\n\n\n\n<p>Un saludo <\/p>\n\n\n\n<p>Las tutoras<\/p>\n\n\n\n<p>&#8212;&#8212;&#8212;&#8212;&#8212;&#8212;&#8212;&#8212;&#8212;&#8212;&#8212;&#8212;&#8212;&#8212;&#8212;&#8212;&#8212;&#8212;&#8212;&#8212;&#8212;&#8212;&#8212;&#8212;&#8212;&#8212;&#8212;&#8212;&#8212;&#8212;&#8212;&#8212;&#8212;&#8212;&#8212;&#8212;&#8212;&#8212;&#8212;&#8212;&#8212;&#8212;&#8212;&#8212;<\/p>\n\n\n\n<p class=\"has-background has-very-light-gray-background-color\">PADRE\/MADRE <\/p>\n\n\n\n<p class=\"has-background has-very-light-gray-background-color\">DEL ALUMNO\/A \u00a0\u00a0 <\/p>\n\n\n\n<p><\/p>\n\n\n\n<p class=\"has-background has-very-light-gray-background-color\">CONFIRMO QUE MI HIJO\/A ACUDIR\u00c1 AL\nTEATRO EL PR\u00d3XIMO <strong>VIERNES 28 DE FEBRERO<\/strong>.<\/p>\n\n\n\n<p class=\"has-background has-very-light-gray-background-color\">FIRMADO<\/p>\n","protected":false},"excerpt":{"rendered":"<p>Estimadas familias: El pr\u00f3ximo viernes 28 de febrero acudiremos a una obra de teatro, organizada por la UPNA, sobre mujeres cient\u00edficas. La representaci\u00f3n ser\u00e1 en el Planetario de Pamplona. La entrada al teatro es gratuita, por lo que cada ni\u00f1o\/a tendr\u00e1 que pagar \u00fanicamente 6,50 euros del autob\u00fas. La transferencia deber\u00e1 realizarse antes del d\u00eda [&hellip;]<\/p>\n","protected":false},"author":6,"featured_media":0,"comment_status":"open","ping_status":"open","sticky":false,"template":"","format":"standard","meta":{"_genesis_hide_title":false,"_genesis_hide_breadcrumbs":false,"_genesis_hide_singular_image":false,"_genesis_hide_footer_widgets":false,"_genesis_custom_body_class":"","_genesis_custom_post_class":"","_genesis_layout":""},"categories":[7],"tags":[],"_links":{"self":[{"href":"https:\/\/cplarraga.educacion.navarra.es\/web\/wp-json\/wp\/v2\/posts\/3106"}],"collection":[{"href":"https:\/\/cplarraga.educacion.navarra.es\/web\/wp-json\/wp\/v2\/posts"}],"about":[{"href":"https:\/\/cplarraga.educacion.navarra.es\/web\/wp-json\/wp\/v2\/types\/post"}],"author":[{"embeddable":true,"href":"https:\/\/cplarraga.educacion.navarra.es\/web\/wp-json\/wp\/v2\/users\/6"}],"replies":[{"embeddable":true,"href":"https:\/\/cplarraga.educacion.navarra.es\/web\/wp-json\/wp\/v2\/comments?post=3106"}],"version-history":[{"count":7,"href":"https:\/\/cplarraga.educacion.navarra.es\/web\/wp-json\/wp\/v2\/posts\/3106\/revisions"}],"predecessor-version":[{"id":3113,"href":"https:\/\/cplarraga.educacion.navarra.es\/web\/wp-json\/wp\/v2\/posts\/3106\/revisions\/3113"}],"wp:attachment":[{"href":"https:\/\/cplarraga.educacion.navarra.es\/web\/wp-json\/wp\/v2\/media?parent=3106"}],"wp:term":[{"taxonomy":"category","embeddable":true,"href":"https:\/\/cplarraga.educacion.navarra.es\/web\/wp-json\/wp\/v2\/categories?post=3106"},{"taxonomy":"post_tag","embeddable":true,"href":"https:\/\/cplarraga.educacion.navarra.es\/web\/wp-json\/wp\/v2\/tags?post=3106"}],"curies":[{"name":"wp","href":"https:\/\/api.w.org\/{rel}","templated":true}]}}