{"id":3104,"date":"2020-02-11T10:04:19","date_gmt":"2020-02-11T09:04:19","guid":{"rendered":"https:\/\/cplarraga.educacion.navarra.es\/web\/?p=3104"},"modified":"2020-02-11T10:04:30","modified_gmt":"2020-02-11T09:04:30","slug":"2020-02-11-recogida-ropa-y-calzado","status":"publish","type":"post","link":"https:\/\/cplarraga.educacion.navarra.es\/web\/blog\/2020-02-11-recogida-ropa-y-calzado\/","title":{"rendered":"2020-02-11 Recogida ropa y calzado"},"content":{"rendered":"\n<p>Estimadas familias, <\/p>\n\n\n\n<p>Nos dirigimos a vosotras\npara comunicaros que realizaremos una nueva campa\u00f1a de <strong>recogida de ropa y calzado usados.<\/strong> Para ello, vuestros hijos e\nhijas llevar\u00e1n una bolsa por si dese\u00e1is colaborar.<\/p>\n\n\n\n<p>El objetivo es fomentar la\nsolidaridad con los m\u00e1s desfavorecidos y concretamente a trav\u00e9s de ONG GLOBAL\nHUMANITARIA, ayudar a la construcci\u00f3n de espacios escolares en India.<\/p>\n\n\n\n<p><strong>FECHA\nDE RECOGIDA: hasta 18 de febrero<\/strong>.<\/p>\n\n\n\n<p>LUGAR DE ENTREGA: C.P. SAN\nMIGUEL en la entrada de acceso del profesorado.<\/p>\n\n\n\n<p>Muchas\ngracias,<\/p>\n\n\n\n<p>El\ncolegio.<\/p>\n","protected":false},"excerpt":{"rendered":"<p>Estimadas familias, Nos dirigimos a vosotras para comunicaros que realizaremos una nueva campa\u00f1a de recogida de ropa y calzado usados. Para ello, vuestros hijos e hijas llevar\u00e1n una bolsa por si dese\u00e1is colaborar. El objetivo es fomentar la solidaridad con los m\u00e1s desfavorecidos y concretamente a trav\u00e9s de ONG GLOBAL HUMANITARIA, ayudar a la construcci\u00f3n [&hellip;]<\/p>\n","protected":false},"author":6,"featured_media":0,"comment_status":"open","ping_status":"open","sticky":false,"template":"","format":"standard","meta":{"_genesis_hide_title":false,"_genesis_hide_breadcrumbs":false,"_genesis_hide_singular_image":false,"_genesis_hide_footer_widgets":false,"_genesis_custom_body_class":"","_genesis_custom_post_class":"","_genesis_layout":""},"categories":[7],"tags":[],"_links":{"self":[{"href":"https:\/\/cplarraga.educacion.navarra.es\/web\/wp-json\/wp\/v2\/posts\/3104"}],"collection":[{"href":"https:\/\/cplarraga.educacion.navarra.es\/web\/wp-json\/wp\/v2\/posts"}],"about":[{"href":"https:\/\/cplarraga.educacion.navarra.es\/web\/wp-json\/wp\/v2\/types\/post"}],"author":[{"embeddable":true,"href":"https:\/\/cplarraga.educacion.navarra.es\/web\/wp-json\/wp\/v2\/users\/6"}],"replies":[{"embeddable":true,"href":"https:\/\/cplarraga.educacion.navarra.es\/web\/wp-json\/wp\/v2\/comments?post=3104"}],"version-history":[{"count":1,"href":"https:\/\/cplarraga.educacion.navarra.es\/web\/wp-json\/wp\/v2\/posts\/3104\/revisions"}],"predecessor-version":[{"id":3105,"href":"https:\/\/cplarraga.educacion.navarra.es\/web\/wp-json\/wp\/v2\/posts\/3104\/revisions\/3105"}],"wp:attachment":[{"href":"https:\/\/cplarraga.educacion.navarra.es\/web\/wp-json\/wp\/v2\/media?parent=3104"}],"wp:term":[{"taxonomy":"category","embeddable":true,"href":"https:\/\/cplarraga.educacion.navarra.es\/web\/wp-json\/wp\/v2\/categories?post=3104"},{"taxonomy":"post_tag","embeddable":true,"href":"https:\/\/cplarraga.educacion.navarra.es\/web\/wp-json\/wp\/v2\/tags?post=3104"}],"curies":[{"name":"wp","href":"https:\/\/api.w.org\/{rel}","templated":true}]}}