{"id":2969,"date":"2020-01-24T12:00:36","date_gmt":"2020-01-24T11:00:36","guid":{"rendered":"https:\/\/cplarraga.educacion.navarra.es\/web\/?p=2969"},"modified":"2020-01-24T12:00:39","modified_gmt":"2020-01-24T11:00:39","slug":"2020-01-24-dispositivos-electronicos","status":"publish","type":"post","link":"https:\/\/cplarraga.educacion.navarra.es\/web\/blog\/2020-01-24-dispositivos-electronicos\/","title":{"rendered":"2020-01-24 Dispositivos electr\u00f3nicos"},"content":{"rendered":"\n<p>Estimadas familias,<\/p>\n\n\n\n<p>Os recordamos que est\u00e1 <strong>prohibido<\/strong> que las alumnas y alumnos acudan al colegio con <strong>cualquier tipo de dispositivo electr\u00f3nico (tel\u00e9fonos\nm\u00f3viles, tablets y smartwatchs \u2026)<\/strong><\/p>\n\n\n\n<p>El centro los retirar\u00e1 y los entregar\u00e1 a sus\npadres y madres.<\/p>\n\n\n\n<p>Un saludo,<\/p>\n\n\n\n<p>El Colegio<\/p>\n","protected":false},"excerpt":{"rendered":"<p>Estimadas familias, Os recordamos que est\u00e1 prohibido que las alumnas y alumnos acudan al colegio con cualquier tipo de dispositivo electr\u00f3nico (tel\u00e9fonos m\u00f3viles, tablets y smartwatchs \u2026) El centro los retirar\u00e1 y los entregar\u00e1 a sus padres y madres. Un saludo, El Colegio<\/p>\n","protected":false},"author":6,"featured_media":0,"comment_status":"open","ping_status":"open","sticky":false,"template":"","format":"standard","meta":{"_genesis_hide_title":false,"_genesis_hide_breadcrumbs":false,"_genesis_hide_singular_image":false,"_genesis_hide_footer_widgets":false,"_genesis_custom_body_class":"","_genesis_custom_post_class":"","_genesis_layout":""},"categories":[7],"tags":[],"_links":{"self":[{"href":"https:\/\/cplarraga.educacion.navarra.es\/web\/wp-json\/wp\/v2\/posts\/2969"}],"collection":[{"href":"https:\/\/cplarraga.educacion.navarra.es\/web\/wp-json\/wp\/v2\/posts"}],"about":[{"href":"https:\/\/cplarraga.educacion.navarra.es\/web\/wp-json\/wp\/v2\/types\/post"}],"author":[{"embeddable":true,"href":"https:\/\/cplarraga.educacion.navarra.es\/web\/wp-json\/wp\/v2\/users\/6"}],"replies":[{"embeddable":true,"href":"https:\/\/cplarraga.educacion.navarra.es\/web\/wp-json\/wp\/v2\/comments?post=2969"}],"version-history":[{"count":2,"href":"https:\/\/cplarraga.educacion.navarra.es\/web\/wp-json\/wp\/v2\/posts\/2969\/revisions"}],"predecessor-version":[{"id":2971,"href":"https:\/\/cplarraga.educacion.navarra.es\/web\/wp-json\/wp\/v2\/posts\/2969\/revisions\/2971"}],"wp:attachment":[{"href":"https:\/\/cplarraga.educacion.navarra.es\/web\/wp-json\/wp\/v2\/media?parent=2969"}],"wp:term":[{"taxonomy":"category","embeddable":true,"href":"https:\/\/cplarraga.educacion.navarra.es\/web\/wp-json\/wp\/v2\/categories?post=2969"},{"taxonomy":"post_tag","embeddable":true,"href":"https:\/\/cplarraga.educacion.navarra.es\/web\/wp-json\/wp\/v2\/tags?post=2969"}],"curies":[{"name":"wp","href":"https:\/\/api.w.org\/{rel}","templated":true}]}}