{"id":2960,"date":"2020-01-22T11:23:13","date_gmt":"2020-01-22T10:23:13","guid":{"rendered":"https:\/\/cplarraga.educacion.navarra.es\/web\/?p=2960"},"modified":"2020-01-22T11:25:56","modified_gmt":"2020-01-22T10:25:56","slug":"2020-01-17-3o-4o-primaria","status":"publish","type":"post","link":"https:\/\/cplarraga.educacion.navarra.es\/web\/blog\/2020-01-17-3o-4o-primaria\/","title":{"rendered":"2020-01-17  3\u00ba-4\u00ba Primaria"},"content":{"rendered":"\n<p class=\"has-text-color has-background has-text-align-center has-medium-font-size has-luminous-vivid-orange-color has-pale-cyan-blue-background-color\">Nota exclusiva para 3\u00ba y 4\u00ba de Primaria<\/p>\n\n\n\n<p>Estimadas familias,<\/p>\n\n\n\n<p>Pr\u00f3ximamente celebraremos el carnaval\ndel colegio, el tema de este a\u00f1o es el carnaval rural. El alumnado de 3\u00ba y 4\u00ba\nde primaria ir\u00e1 disfrazado de \u201ccaldereros\u201d. Para ello necesitaremos que\ntraig\u00e1is, si ten\u00e9is, el siguiente material:<\/p>\n\n\n\n<p><strong>Chicos: <\/strong><\/p>\n\n\n\n<ul><li>Dos pa\u00f1uelos\n     grandes (uno para la cabeza y otro para el cuello).<\/li><li>Cadenas o collares\n     grandes.<\/li><\/ul>\n\n\n\n<p><strong>Chicas:<\/strong><\/p>\n\n\n\n<ul><li>Falda larga, no\n     importa el color.<\/li><li>Dos pa\u00f1uelos\n     grandes (uno para la cabeza y otro para el cuello). Si es posible que\n     tengan monedas.<\/li><li>Cadenas o collares\n     grandes.<\/li><\/ul>\n\n\n\n<p>Todo el material que no teng\u00e1is <strong>NO ES NECESARIO QUE LO COMPR\u00c9IS,<\/strong> lo completaremos\nen el colegio. Traedlo, por favor, en cuanto pod\u00e1is para que vayamos\norganizando todo. Gracias por vuestra colaboraci\u00f3n.<\/p>\n\n\n\n<p>&nbsp;&nbsp;&nbsp;&nbsp;&nbsp;&nbsp;&nbsp;&nbsp;&nbsp;&nbsp;&nbsp;&nbsp;&nbsp;&nbsp;&nbsp;&nbsp;&nbsp;&nbsp;&nbsp;&nbsp;&nbsp;&nbsp;&nbsp;&nbsp;&nbsp;&nbsp;&nbsp;&nbsp;&nbsp;&nbsp;&nbsp;&nbsp;&nbsp;&nbsp;&nbsp;&nbsp;&nbsp;&nbsp;&nbsp;&nbsp;&nbsp;&nbsp;&nbsp;&nbsp;&nbsp;&nbsp;&nbsp;&nbsp;&nbsp;&nbsp;&nbsp;&nbsp;&nbsp;&nbsp;&nbsp;&nbsp;&nbsp;&nbsp;&nbsp;&nbsp;&nbsp;&nbsp;&nbsp;&nbsp;&nbsp;&nbsp;&nbsp;&nbsp;&nbsp;&nbsp;&nbsp;&nbsp;&nbsp;&nbsp;&nbsp;&nbsp;&nbsp;&nbsp;&nbsp;&nbsp;&nbsp;&nbsp;&nbsp;&nbsp;&nbsp;&nbsp;&nbsp;&nbsp;&nbsp;&nbsp;&nbsp;&nbsp;&nbsp;&nbsp; Un\nsaludo<\/p>\n\n\n\n<p>&nbsp;&nbsp;&nbsp;&nbsp;&nbsp;&nbsp;&nbsp;&nbsp;&nbsp;&nbsp;&nbsp;&nbsp;&nbsp;&nbsp;&nbsp;&nbsp;&nbsp;&nbsp;&nbsp;&nbsp;&nbsp;&nbsp;&nbsp;&nbsp;&nbsp;&nbsp;&nbsp;&nbsp;&nbsp;&nbsp;&nbsp;&nbsp;&nbsp;&nbsp;&nbsp;&nbsp;&nbsp;&nbsp;&nbsp;&nbsp;&nbsp;&nbsp;&nbsp;&nbsp;&nbsp;&nbsp;&nbsp;&nbsp;&nbsp;&nbsp;&nbsp;&nbsp;&nbsp;&nbsp;&nbsp;&nbsp;&nbsp;&nbsp;&nbsp;&nbsp;&nbsp;&nbsp;&nbsp;&nbsp;&nbsp;&nbsp;&nbsp;&nbsp;&nbsp;&nbsp;&nbsp;&nbsp;&nbsp;&nbsp;&nbsp;&nbsp;&nbsp;&nbsp;&nbsp;&nbsp;&nbsp;&nbsp; &nbsp;&nbsp;&nbsp;&nbsp; Las tutoras de 3\u00ba y 4\u00ba<\/p>\n\n\n\n<p class=\"has-text-color has-background has-text-align-center has-medium-font-size has-luminous-vivid-orange-color has-pale-cyan-blue-background-color\">Nota exclusiva para 3\u00ba y 4\u00ba de Primaria<\/p>\n","protected":false},"excerpt":{"rendered":"<p>Nota exclusiva para 3\u00ba y 4\u00ba de Primaria Estimadas familias, Pr\u00f3ximamente celebraremos el carnaval del colegio, el tema de este a\u00f1o es el carnaval rural. El alumnado de 3\u00ba y 4\u00ba de primaria ir\u00e1 disfrazado de \u201ccaldereros\u201d. Para ello necesitaremos que traig\u00e1is, si ten\u00e9is, el siguiente material: Chicos: Dos pa\u00f1uelos grandes (uno para la cabeza [&hellip;]<\/p>\n","protected":false},"author":6,"featured_media":0,"comment_status":"open","ping_status":"open","sticky":false,"template":"","format":"standard","meta":{"_genesis_hide_title":false,"_genesis_hide_breadcrumbs":false,"_genesis_hide_singular_image":false,"_genesis_hide_footer_widgets":false,"_genesis_custom_body_class":"","_genesis_custom_post_class":"","_genesis_layout":""},"categories":[7],"tags":[],"_links":{"self":[{"href":"https:\/\/cplarraga.educacion.navarra.es\/web\/wp-json\/wp\/v2\/posts\/2960"}],"collection":[{"href":"https:\/\/cplarraga.educacion.navarra.es\/web\/wp-json\/wp\/v2\/posts"}],"about":[{"href":"https:\/\/cplarraga.educacion.navarra.es\/web\/wp-json\/wp\/v2\/types\/post"}],"author":[{"embeddable":true,"href":"https:\/\/cplarraga.educacion.navarra.es\/web\/wp-json\/wp\/v2\/users\/6"}],"replies":[{"embeddable":true,"href":"https:\/\/cplarraga.educacion.navarra.es\/web\/wp-json\/wp\/v2\/comments?post=2960"}],"version-history":[{"count":1,"href":"https:\/\/cplarraga.educacion.navarra.es\/web\/wp-json\/wp\/v2\/posts\/2960\/revisions"}],"predecessor-version":[{"id":2961,"href":"https:\/\/cplarraga.educacion.navarra.es\/web\/wp-json\/wp\/v2\/posts\/2960\/revisions\/2961"}],"wp:attachment":[{"href":"https:\/\/cplarraga.educacion.navarra.es\/web\/wp-json\/wp\/v2\/media?parent=2960"}],"wp:term":[{"taxonomy":"category","embeddable":true,"href":"https:\/\/cplarraga.educacion.navarra.es\/web\/wp-json\/wp\/v2\/categories?post=2960"},{"taxonomy":"post_tag","embeddable":true,"href":"https:\/\/cplarraga.educacion.navarra.es\/web\/wp-json\/wp\/v2\/tags?post=2960"}],"curies":[{"name":"wp","href":"https:\/\/api.w.org\/{rel}","templated":true}]}}