{"id":2890,"date":"2019-12-20T11:53:16","date_gmt":"2019-12-20T10:53:16","guid":{"rendered":"https:\/\/cplarraga.educacion.navarra.es\/web\/?p=2890"},"modified":"2019-12-20T11:54:57","modified_gmt":"2019-12-20T10:54:57","slug":"2019-ultimo-dia-de-clase","status":"publish","type":"post","link":"https:\/\/cplarraga.educacion.navarra.es\/web\/blog\/2019-ultimo-dia-de-clase\/","title":{"rendered":"2019 \u00daltimo d\u00eda de clase"},"content":{"rendered":"\n<p>20 De diciembe, \u00faltimo d\u00eda clase antes de la vacaciones. Multitud de actividades y talleres a a lo largo de d\u00eda.<\/p>\n\n\n\n<ul><li>Sorteo de las cestas solidarias para donar la recuadaci\u00f3n a la Fundaci\u00f3n Merece la pena<\/li><li>Rico almuerzo de tostadas con aceite gracias a las abuelas y abuelos del pueblo.<\/li><li>Visista a los talleres de belenes y talleres navide\u00f1os.<\/li><\/ul>\n\n\n\n<figure class=\"wp-block-image size-large\"><img loading=\"lazy\" width=\"1024\" height=\"768\" src=\"https:\/\/cplarraga.educacion.navarra.es\/web\/wp-content\/uploads\/2019\/12\/20191220_Tostadas-Cestas_BelenesIMG_4274-1024x768.jpg\" alt=\"\" class=\"wp-image-2888\" srcset=\"https:\/\/cplarraga.educacion.navarra.es\/web\/wp-content\/uploads\/2019\/12\/20191220_Tostadas-Cestas_BelenesIMG_4274-1024x768.jpg 1024w, https:\/\/cplarraga.educacion.navarra.es\/web\/wp-content\/uploads\/2019\/12\/20191220_Tostadas-Cestas_BelenesIMG_4274-300x225.jpg 300w, https:\/\/cplarraga.educacion.navarra.es\/web\/wp-content\/uploads\/2019\/12\/20191220_Tostadas-Cestas_BelenesIMG_4274-768x576.jpg 768w, https:\/\/cplarraga.educacion.navarra.es\/web\/wp-content\/uploads\/2019\/12\/20191220_Tostadas-Cestas_BelenesIMG_4274-1536x1152.jpg 1536w, https:\/\/cplarraga.educacion.navarra.es\/web\/wp-content\/uploads\/2019\/12\/20191220_Tostadas-Cestas_BelenesIMG_4274.jpg 2016w\" sizes=\"(max-width: 1024px) 100vw, 1024px\" \/><\/figure>\n\n\n\n<figure class=\"wp-block-image size-large\"><img loading=\"lazy\" width=\"1024\" height=\"768\" src=\"https:\/\/cplarraga.educacion.navarra.es\/web\/wp-content\/uploads\/2019\/12\/20191220_Tostadas-Cestas_Belenes_IMG_4279-1024x768.jpg\" alt=\"\" class=\"wp-image-2884\" srcset=\"https:\/\/cplarraga.educacion.navarra.es\/web\/wp-content\/uploads\/2019\/12\/20191220_Tostadas-Cestas_Belenes_IMG_4279-1024x768.jpg 1024w, https:\/\/cplarraga.educacion.navarra.es\/web\/wp-content\/uploads\/2019\/12\/20191220_Tostadas-Cestas_Belenes_IMG_4279-300x225.jpg 300w, https:\/\/cplarraga.educacion.navarra.es\/web\/wp-content\/uploads\/2019\/12\/20191220_Tostadas-Cestas_Belenes_IMG_4279-768x576.jpg 768w, https:\/\/cplarraga.educacion.navarra.es\/web\/wp-content\/uploads\/2019\/12\/20191220_Tostadas-Cestas_Belenes_IMG_4279-1536x1152.jpg 1536w, https:\/\/cplarraga.educacion.navarra.es\/web\/wp-content\/uploads\/2019\/12\/20191220_Tostadas-Cestas_Belenes_IMG_4279.jpg 1747w\" sizes=\"(max-width: 1024px) 100vw, 1024px\" \/><\/figure>\n\n\n\n<figure class=\"wp-block-image size-large\"><img loading=\"lazy\" width=\"1024\" height=\"743\" src=\"https:\/\/cplarraga.educacion.navarra.es\/web\/wp-content\/uploads\/2019\/12\/20191220_Tostadas-Cestas_BelenesIMG_4275-1024x743.jpg\" alt=\"\" class=\"wp-image-2889\" srcset=\"https:\/\/cplarraga.educacion.navarra.es\/web\/wp-content\/uploads\/2019\/12\/20191220_Tostadas-Cestas_BelenesIMG_4275-1024x743.jpg 1024w, https:\/\/cplarraga.educacion.navarra.es\/web\/wp-content\/uploads\/2019\/12\/20191220_Tostadas-Cestas_BelenesIMG_4275-300x218.jpg 300w, https:\/\/cplarraga.educacion.navarra.es\/web\/wp-content\/uploads\/2019\/12\/20191220_Tostadas-Cestas_BelenesIMG_4275-768x557.jpg 768w, https:\/\/cplarraga.educacion.navarra.es\/web\/wp-content\/uploads\/2019\/12\/20191220_Tostadas-Cestas_BelenesIMG_4275.jpg 1280w\" sizes=\"(max-width: 1024px) 100vw, 1024px\" \/><\/figure>\n\n\n\n<figure class=\"wp-block-image size-large\"><img loading=\"lazy\" width=\"1024\" height=\"768\" src=\"https:\/\/cplarraga.educacion.navarra.es\/web\/wp-content\/uploads\/2019\/12\/20191220_Tostadas-Cestas_Belenes_IMG_4278-1024x768.jpg\" alt=\"\" class=\"wp-image-2883\" srcset=\"https:\/\/cplarraga.educacion.navarra.es\/web\/wp-content\/uploads\/2019\/12\/20191220_Tostadas-Cestas_Belenes_IMG_4278-1024x768.jpg 1024w, https:\/\/cplarraga.educacion.navarra.es\/web\/wp-content\/uploads\/2019\/12\/20191220_Tostadas-Cestas_Belenes_IMG_4278-300x225.jpg 300w, https:\/\/cplarraga.educacion.navarra.es\/web\/wp-content\/uploads\/2019\/12\/20191220_Tostadas-Cestas_Belenes_IMG_4278-768x576.jpg 768w, https:\/\/cplarraga.educacion.navarra.es\/web\/wp-content\/uploads\/2019\/12\/20191220_Tostadas-Cestas_Belenes_IMG_4278.jpg 1280w\" sizes=\"(max-width: 1024px) 100vw, 1024px\" \/><\/figure>\n\n\n\n<figure class=\"wp-block-image size-large\"><img loading=\"lazy\" width=\"1024\" height=\"769\" src=\"https:\/\/cplarraga.educacion.navarra.es\/web\/wp-content\/uploads\/2019\/12\/20191220_Tostadas-Cestas_Belenes_IMG_4276-1024x769.jpg\" alt=\"\" class=\"wp-image-2881\" srcset=\"https:\/\/cplarraga.educacion.navarra.es\/web\/wp-content\/uploads\/2019\/12\/20191220_Tostadas-Cestas_Belenes_IMG_4276-1024x769.jpg 1024w, https:\/\/cplarraga.educacion.navarra.es\/web\/wp-content\/uploads\/2019\/12\/20191220_Tostadas-Cestas_Belenes_IMG_4276-300x225.jpg 300w, https:\/\/cplarraga.educacion.navarra.es\/web\/wp-content\/uploads\/2019\/12\/20191220_Tostadas-Cestas_Belenes_IMG_4276-768x576.jpg 768w, https:\/\/cplarraga.educacion.navarra.es\/web\/wp-content\/uploads\/2019\/12\/20191220_Tostadas-Cestas_Belenes_IMG_4276.jpg 1527w\" sizes=\"(max-width: 1024px) 100vw, 1024px\" \/><\/figure>\n\n\n\n<figure class=\"wp-block-gallery columns-2 is-cropped\"><ul class=\"blocks-gallery-grid\"><li class=\"blocks-gallery-item\"><figure><img loading=\"lazy\" width=\"1024\" height=\"768\" src=\"https:\/\/cplarraga.educacion.navarra.es\/web\/wp-content\/uploads\/2019\/12\/20191220_Tostadas-Cestas_Belenes_IMG_4282-1024x768.jpg\" alt=\"\" data-id=\"2887\" data-full-url=\"https:\/\/cplarraga.educacion.navarra.es\/web\/wp-content\/uploads\/2019\/12\/20191220_Tostadas-Cestas_Belenes_IMG_4282.jpg\" data-link=\"https:\/\/cplarraga.educacion.navarra.es\/web\/20191220_tostadas-cestas_belenes_img_4282\/\" class=\"wp-image-2887\" srcset=\"https:\/\/cplarraga.educacion.navarra.es\/web\/wp-content\/uploads\/2019\/12\/20191220_Tostadas-Cestas_Belenes_IMG_4282-1024x768.jpg 1024w, https:\/\/cplarraga.educacion.navarra.es\/web\/wp-content\/uploads\/2019\/12\/20191220_Tostadas-Cestas_Belenes_IMG_4282-300x225.jpg 300w, https:\/\/cplarraga.educacion.navarra.es\/web\/wp-content\/uploads\/2019\/12\/20191220_Tostadas-Cestas_Belenes_IMG_4282-768x576.jpg 768w, https:\/\/cplarraga.educacion.navarra.es\/web\/wp-content\/uploads\/2019\/12\/20191220_Tostadas-Cestas_Belenes_IMG_4282-1536x1152.jpg 1536w, https:\/\/cplarraga.educacion.navarra.es\/web\/wp-content\/uploads\/2019\/12\/20191220_Tostadas-Cestas_Belenes_IMG_4282.jpg 1835w\" sizes=\"(max-width: 1024px) 100vw, 1024px\" \/><\/figure><\/li><li class=\"blocks-gallery-item\"><figure><img loading=\"lazy\" width=\"1024\" height=\"768\" src=\"https:\/\/cplarraga.educacion.navarra.es\/web\/wp-content\/uploads\/2019\/12\/20191220_Tostadas-Cestas_Belenes_IMG_4281-1024x768.jpg\" alt=\"\" data-id=\"2886\" data-full-url=\"https:\/\/cplarraga.educacion.navarra.es\/web\/wp-content\/uploads\/2019\/12\/20191220_Tostadas-Cestas_Belenes_IMG_4281.jpg\" data-link=\"https:\/\/cplarraga.educacion.navarra.es\/web\/20191220_tostadas-cestas_belenes_img_4281\/\" class=\"wp-image-2886\" srcset=\"https:\/\/cplarraga.educacion.navarra.es\/web\/wp-content\/uploads\/2019\/12\/20191220_Tostadas-Cestas_Belenes_IMG_4281-1024x768.jpg 1024w, https:\/\/cplarraga.educacion.navarra.es\/web\/wp-content\/uploads\/2019\/12\/20191220_Tostadas-Cestas_Belenes_IMG_4281-300x225.jpg 300w, https:\/\/cplarraga.educacion.navarra.es\/web\/wp-content\/uploads\/2019\/12\/20191220_Tostadas-Cestas_Belenes_IMG_4281-768x576.jpg 768w, https:\/\/cplarraga.educacion.navarra.es\/web\/wp-content\/uploads\/2019\/12\/20191220_Tostadas-Cestas_Belenes_IMG_4281-1536x1152.jpg 1536w, https:\/\/cplarraga.educacion.navarra.es\/web\/wp-content\/uploads\/2019\/12\/20191220_Tostadas-Cestas_Belenes_IMG_4281.jpg 1778w\" sizes=\"(max-width: 1024px) 100vw, 1024px\" \/><\/figure><\/li><\/ul><\/figure>\n","protected":false},"excerpt":{"rendered":"<p>20 De diciembe, \u00faltimo d\u00eda clase antes de la vacaciones. Multitud de actividades y talleres a a lo largo de d\u00eda. Sorteo de las cestas solidarias para donar la recuadaci\u00f3n a la Fundaci\u00f3n Merece la pena Rico almuerzo de tostadas con aceite gracias a las abuelas y abuelos del pueblo. Visista a los talleres de [&hellip;]<\/p>\n","protected":false},"author":6,"featured_media":0,"comment_status":"open","ping_status":"open","sticky":false,"template":"","format":"standard","meta":{"_genesis_hide_title":false,"_genesis_hide_breadcrumbs":false,"_genesis_hide_singular_image":false,"_genesis_hide_footer_widgets":false,"_genesis_custom_body_class":"","_genesis_custom_post_class":"","_genesis_layout":""},"categories":[4],"tags":[],"_links":{"self":[{"href":"https:\/\/cplarraga.educacion.navarra.es\/web\/wp-json\/wp\/v2\/posts\/2890"}],"collection":[{"href":"https:\/\/cplarraga.educacion.navarra.es\/web\/wp-json\/wp\/v2\/posts"}],"about":[{"href":"https:\/\/cplarraga.educacion.navarra.es\/web\/wp-json\/wp\/v2\/types\/post"}],"author":[{"embeddable":true,"href":"https:\/\/cplarraga.educacion.navarra.es\/web\/wp-json\/wp\/v2\/users\/6"}],"replies":[{"embeddable":true,"href":"https:\/\/cplarraga.educacion.navarra.es\/web\/wp-json\/wp\/v2\/comments?post=2890"}],"version-history":[{"count":1,"href":"https:\/\/cplarraga.educacion.navarra.es\/web\/wp-json\/wp\/v2\/posts\/2890\/revisions"}],"predecessor-version":[{"id":2891,"href":"https:\/\/cplarraga.educacion.navarra.es\/web\/wp-json\/wp\/v2\/posts\/2890\/revisions\/2891"}],"wp:attachment":[{"href":"https:\/\/cplarraga.educacion.navarra.es\/web\/wp-json\/wp\/v2\/media?parent=2890"}],"wp:term":[{"taxonomy":"category","embeddable":true,"href":"https:\/\/cplarraga.educacion.navarra.es\/web\/wp-json\/wp\/v2\/categories?post=2890"},{"taxonomy":"post_tag","embeddable":true,"href":"https:\/\/cplarraga.educacion.navarra.es\/web\/wp-json\/wp\/v2\/tags?post=2890"}],"curies":[{"name":"wp","href":"https:\/\/api.w.org\/{rel}","templated":true}]}}