{"id":2803,"date":"2019-12-19T12:24:00","date_gmt":"2019-12-19T11:24:00","guid":{"rendered":"https:\/\/cplarraga.educacion.navarra.es\/web\/?p=2803"},"modified":"2019-12-18T12:26:42","modified_gmt":"2019-12-18T11:26:42","slug":"2019-12-19-tostadas","status":"publish","type":"post","link":"https:\/\/cplarraga.educacion.navarra.es\/web\/blog\/2019-12-19-tostadas\/","title":{"rendered":"2019-12-19 Tostadas"},"content":{"rendered":"\n<p>Estimadas\nfamilias:<\/p>\n\n\n\n<p>Ma\u00f1ana,\nviernes 20, en el colegio disfrutaremos de un almuerzo especial: comeremos\ntostadas con aceite, contando con la colaboraci\u00f3n de un grupo de abuelos y\nabuelas.<\/p>\n\n\n\n<p>Los\/as\nni\u00f1os\/as no tienen que traer almuerzo.<\/p>\n\n\n\n<p>Posteriormente,\nsi el tiempo lo permite, los alumnos\/as de infantil y de 1\u00ba y 2\u00ba de Primaria saldr\u00e1n\na visitar varios belenes del pueblo.<\/p>\n\n\n\n<p>El\nresto de grupos realizar\u00e1n talleres navide\u00f1os y diversas actividades en sus\naulas.<\/p>\n\n\n\n<p>Los\nni\u00f1os y ni\u00f1as saldr\u00e1n a la hora habitual (a las 14.00 h.).<\/p>\n\n\n\n<p>Para\nterminar, desde el colegio queremos desearos a todos\/as:<\/p>\n\n\n\n<p><strong>FELIZ\nNAVIDAD Y PR\u00d3SPERO A\u00d1O NUEVO.<\/strong><\/p>\n\n\n\n<p>&nbsp;&nbsp;&nbsp;&nbsp;&nbsp;&nbsp;&nbsp;&nbsp;&nbsp;&nbsp;&nbsp; Un\nsaludo,<\/p>\n\n\n\n<p>El Colegio.<\/p>\n","protected":false},"excerpt":{"rendered":"<p>Estimadas familias: Ma\u00f1ana, viernes 20, en el colegio disfrutaremos de un almuerzo especial: comeremos tostadas con aceite, contando con la colaboraci\u00f3n de un grupo de abuelos y abuelas. Los\/as ni\u00f1os\/as no tienen que traer almuerzo. Posteriormente, si el tiempo lo permite, los alumnos\/as de infantil y de 1\u00ba y 2\u00ba de Primaria saldr\u00e1n a visitar [&hellip;]<\/p>\n","protected":false},"author":6,"featured_media":0,"comment_status":"open","ping_status":"open","sticky":false,"template":"","format":"standard","meta":{"_genesis_hide_title":false,"_genesis_hide_breadcrumbs":false,"_genesis_hide_singular_image":false,"_genesis_hide_footer_widgets":false,"_genesis_custom_body_class":"","_genesis_custom_post_class":"","_genesis_layout":""},"categories":[7],"tags":[],"_links":{"self":[{"href":"https:\/\/cplarraga.educacion.navarra.es\/web\/wp-json\/wp\/v2\/posts\/2803"}],"collection":[{"href":"https:\/\/cplarraga.educacion.navarra.es\/web\/wp-json\/wp\/v2\/posts"}],"about":[{"href":"https:\/\/cplarraga.educacion.navarra.es\/web\/wp-json\/wp\/v2\/types\/post"}],"author":[{"embeddable":true,"href":"https:\/\/cplarraga.educacion.navarra.es\/web\/wp-json\/wp\/v2\/users\/6"}],"replies":[{"embeddable":true,"href":"https:\/\/cplarraga.educacion.navarra.es\/web\/wp-json\/wp\/v2\/comments?post=2803"}],"version-history":[{"count":1,"href":"https:\/\/cplarraga.educacion.navarra.es\/web\/wp-json\/wp\/v2\/posts\/2803\/revisions"}],"predecessor-version":[{"id":2804,"href":"https:\/\/cplarraga.educacion.navarra.es\/web\/wp-json\/wp\/v2\/posts\/2803\/revisions\/2804"}],"wp:attachment":[{"href":"https:\/\/cplarraga.educacion.navarra.es\/web\/wp-json\/wp\/v2\/media?parent=2803"}],"wp:term":[{"taxonomy":"category","embeddable":true,"href":"https:\/\/cplarraga.educacion.navarra.es\/web\/wp-json\/wp\/v2\/categories?post=2803"},{"taxonomy":"post_tag","embeddable":true,"href":"https:\/\/cplarraga.educacion.navarra.es\/web\/wp-json\/wp\/v2\/tags?post=2803"}],"curies":[{"name":"wp","href":"https:\/\/api.w.org\/{rel}","templated":true}]}}