{"id":2799,"date":"2019-12-18T12:09:31","date_gmt":"2019-12-18T11:09:31","guid":{"rendered":"https:\/\/cplarraga.educacion.navarra.es\/web\/?p=2799"},"modified":"2019-12-18T12:09:32","modified_gmt":"2019-12-18T11:09:32","slug":"2019-12-18-plantacion-arboles","status":"publish","type":"post","link":"https:\/\/cplarraga.educacion.navarra.es\/web\/blog\/2019-12-18-plantacion-arboles\/","title":{"rendered":"2019-12-18 Plantaci\u00f3n \u00e1rboles"},"content":{"rendered":"\n<p>Estimadas familias:<\/p>\n\n\n\n<p>El Ayuntamiento de Larraga, en\ncolaboraci\u00f3n con el colegio y la asociaci\u00f3n Gardatxo, ha organizado una\nactividad para la ma\u00f1ana del d\u00eda 24 de diciembre (comienzo a las 10.30 h.).<\/p>\n\n\n\n<p>El objetivo de dicha actividad es\ncomenzar a plantar los \u00e1rboles que tenemos en el vivero del colegio, vivero que\nsembramos el a\u00f1o pasado.<\/p>\n\n\n\n<p>Asimismo, se desea comenzar un nuevo\nproyecto consistente en la creaci\u00f3n de un \u201cjard\u00edn de los sentidos\u201d en la parte\ntrasera del colegio. Dicho jard\u00edn va a empezarse gracias a las plantas\ncompradas con el dinero ganado en el premio a \u201cproyectos innovadores medioambientales\u201d\ndel curso pasado y a una aportaci\u00f3n econ\u00f3mica del Ayuntamiento.<\/p>\n\n\n\n<p>Creemos que es una oportunidad para\nempezar a impulsar estos proyectos que continuaremos en el colegio y que nos\npermitir\u00e1n estudiar, trabajar y disfrutar las distintas especies plantadas.\nAdem\u00e1s, esperamos embellecer nuestro entorno.<\/p>\n\n\n\n<p>Dependiendo del n\u00famero de voluntarios\/as\nse podr\u00e1n realizar m\u00e1s o menos dichas actividades. Por ello, os animamos a\ntodas y todos a participar.<\/p>\n\n\n\n<p>Muchas\ngracias de antemano por vuestra colaboraci\u00f3n.<\/p>\n\n\n\n<p>Un saludo, <\/p>\n\n\n\n<p>El colegio.<\/p>\n","protected":false},"excerpt":{"rendered":"<p>Estimadas familias: El Ayuntamiento de Larraga, en colaboraci\u00f3n con el colegio y la asociaci\u00f3n Gardatxo, ha organizado una actividad para la ma\u00f1ana del d\u00eda 24 de diciembre (comienzo a las 10.30 h.). El objetivo de dicha actividad es comenzar a plantar los \u00e1rboles que tenemos en el vivero del colegio, vivero que sembramos el a\u00f1o [&hellip;]<\/p>\n","protected":false},"author":6,"featured_media":0,"comment_status":"open","ping_status":"open","sticky":false,"template":"","format":"standard","meta":{"_genesis_hide_title":false,"_genesis_hide_breadcrumbs":false,"_genesis_hide_singular_image":false,"_genesis_hide_footer_widgets":false,"_genesis_custom_body_class":"","_genesis_custom_post_class":"","_genesis_layout":""},"categories":[7],"tags":[],"_links":{"self":[{"href":"https:\/\/cplarraga.educacion.navarra.es\/web\/wp-json\/wp\/v2\/posts\/2799"}],"collection":[{"href":"https:\/\/cplarraga.educacion.navarra.es\/web\/wp-json\/wp\/v2\/posts"}],"about":[{"href":"https:\/\/cplarraga.educacion.navarra.es\/web\/wp-json\/wp\/v2\/types\/post"}],"author":[{"embeddable":true,"href":"https:\/\/cplarraga.educacion.navarra.es\/web\/wp-json\/wp\/v2\/users\/6"}],"replies":[{"embeddable":true,"href":"https:\/\/cplarraga.educacion.navarra.es\/web\/wp-json\/wp\/v2\/comments?post=2799"}],"version-history":[{"count":1,"href":"https:\/\/cplarraga.educacion.navarra.es\/web\/wp-json\/wp\/v2\/posts\/2799\/revisions"}],"predecessor-version":[{"id":2800,"href":"https:\/\/cplarraga.educacion.navarra.es\/web\/wp-json\/wp\/v2\/posts\/2799\/revisions\/2800"}],"wp:attachment":[{"href":"https:\/\/cplarraga.educacion.navarra.es\/web\/wp-json\/wp\/v2\/media?parent=2799"}],"wp:term":[{"taxonomy":"category","embeddable":true,"href":"https:\/\/cplarraga.educacion.navarra.es\/web\/wp-json\/wp\/v2\/categories?post=2799"},{"taxonomy":"post_tag","embeddable":true,"href":"https:\/\/cplarraga.educacion.navarra.es\/web\/wp-json\/wp\/v2\/tags?post=2799"}],"curies":[{"name":"wp","href":"https:\/\/api.w.org\/{rel}","templated":true}]}}