{"id":2795,"date":"2019-11-29T12:35:00","date_gmt":"2019-11-29T11:35:00","guid":{"rendered":"https:\/\/cplarraga.educacion.navarra.es\/web\/?p=2795"},"modified":"2019-12-13T12:41:50","modified_gmt":"2019-12-13T11:41:50","slug":"2019-11-29-cross-artajona-2","status":"publish","type":"post","link":"https:\/\/cplarraga.educacion.navarra.es\/web\/blog\/2019-11-29-cross-artajona-2\/","title":{"rendered":"2019-11-29 Cross Artajona"},"content":{"rendered":"\n<p>Aviso:\nSALIDA DEL AUTOB\u00daS CROSS DE ARTAJONA.<\/p>\n\n\n\n<p>Comunicaros que la salida del autob\u00fas para el Cross de Artajona, ser\u00e1 el pr\u00f3ximo <strong>s\u00e1bado 30<\/strong> de noviembre a las <strong>9:45 horas<\/strong> desde la <strong>marquesina<\/strong>.<\/p>\n\n\n\n<p>Un\nsaludo,<\/p>\n\n\n\n<p>El\nColegio<\/p>\n","protected":false},"excerpt":{"rendered":"<p>Aviso: SALIDA DEL AUTOB\u00daS CROSS DE ARTAJONA. Comunicaros que la salida del autob\u00fas para el Cross de Artajona, ser\u00e1 el pr\u00f3ximo s\u00e1bado 30 de noviembre a las 9:45 horas desde la marquesina. Un saludo, El Colegio<\/p>\n","protected":false},"author":6,"featured_media":0,"comment_status":"open","ping_status":"open","sticky":false,"template":"","format":"standard","meta":{"_genesis_hide_title":false,"_genesis_hide_breadcrumbs":false,"_genesis_hide_singular_image":false,"_genesis_hide_footer_widgets":false,"_genesis_custom_body_class":"","_genesis_custom_post_class":"","_genesis_layout":""},"categories":[7],"tags":[],"_links":{"self":[{"href":"https:\/\/cplarraga.educacion.navarra.es\/web\/wp-json\/wp\/v2\/posts\/2795"}],"collection":[{"href":"https:\/\/cplarraga.educacion.navarra.es\/web\/wp-json\/wp\/v2\/posts"}],"about":[{"href":"https:\/\/cplarraga.educacion.navarra.es\/web\/wp-json\/wp\/v2\/types\/post"}],"author":[{"embeddable":true,"href":"https:\/\/cplarraga.educacion.navarra.es\/web\/wp-json\/wp\/v2\/users\/6"}],"replies":[{"embeddable":true,"href":"https:\/\/cplarraga.educacion.navarra.es\/web\/wp-json\/wp\/v2\/comments?post=2795"}],"version-history":[{"count":1,"href":"https:\/\/cplarraga.educacion.navarra.es\/web\/wp-json\/wp\/v2\/posts\/2795\/revisions"}],"predecessor-version":[{"id":2796,"href":"https:\/\/cplarraga.educacion.navarra.es\/web\/wp-json\/wp\/v2\/posts\/2795\/revisions\/2796"}],"wp:attachment":[{"href":"https:\/\/cplarraga.educacion.navarra.es\/web\/wp-json\/wp\/v2\/media?parent=2795"}],"wp:term":[{"taxonomy":"category","embeddable":true,"href":"https:\/\/cplarraga.educacion.navarra.es\/web\/wp-json\/wp\/v2\/categories?post=2795"},{"taxonomy":"post_tag","embeddable":true,"href":"https:\/\/cplarraga.educacion.navarra.es\/web\/wp-json\/wp\/v2\/tags?post=2795"}],"curies":[{"name":"wp","href":"https:\/\/api.w.org\/{rel}","templated":true}]}}