{"id":2791,"date":"2019-12-09T12:28:00","date_gmt":"2019-12-09T11:28:00","guid":{"rendered":"https:\/\/cplarraga.educacion.navarra.es\/web\/?p=2791"},"modified":"2019-12-13T12:30:08","modified_gmt":"2019-12-13T11:30:08","slug":"2019-12-04-actividad-solidaria","status":"publish","type":"post","link":"https:\/\/cplarraga.educacion.navarra.es\/web\/blog\/2019-12-04-actividad-solidaria\/","title":{"rendered":"2019-12-04 Actividad solidaria"},"content":{"rendered":"\n<p>Estimadas familias, <\/p>\n\n\n\n<p>La Apyma, en colaboraci\u00f3n con el colegio,\nha organizado <strong>una actividad solidaria<\/strong>\ncon los alumnos\/as de infantil y primaria buscando fomentar en nuestros hijos\/as\nel esp\u00edritu solidario y favorecer una educaci\u00f3n en valores.<\/p>\n\n\n\n<p>Para llevar a cabo esta actividad\nnecesitamos que cada alumno\/a que desee participar lleve un alimento al colegio\n(postres navide\u00f1os, embutidos, conservas\u2026..). Estos alimentos los han podido\ncomprar o hacerlos en casa. Cada ni\u00f1o\/a que aporte un alimento a la cesta recibir\u00e1\nun boleto para el sorteo. Los alimentos se podr\u00e1n entregar en el hall del\ncolegio en los siguientes horarios:<\/p>\n\n\n\n<ul><li><strong>D\u00edas 17, 18 y 19 <\/strong>de diciembre entre las 8.40 y 9.10 y entre las 13.45 y 14.10 horas. <\/li><\/ul>\n\n\n\n<p>Con todos los alimentos recogidos se har\u00e1n varias\ncesta de Navidad (el n\u00famero de cesta depender\u00e1 de los alimentos recogidos). <\/p>\n\n\n\n<p>Adem\u00e1s, de manera voluntaria, se les ofrecer\u00e1 a los alumnos\/as la\nposibilidad de vender hasta cinco boletos al precio de un euro cada uno, entre\nsus familiares y conocidos, para el sorteo de las cestas. El dinero recaudado\nde la venta de boletos se <strong>donar\u00e1 a la\nFUNDACI\u00d3N MERECE LA PENA.<\/strong><\/p>\n\n\n\n<p>Junto con esta carta los alumnos\/as han recibido un sobre con los cinco\nboletos. Cada vez que un ni\u00f1o venda un boleto, entregar\u00e1 al comprador la parte\nderecha del boleto y en la parte izquierda pondr\u00e1 el <strong>n\u00famero de tel\u00e9fono<\/strong> del comprador para poder identificarlo.<\/p>\n\n\n\n<p>Los alumnos\/as pondr\u00e1n en este sobre cerrado la parte izquierda de los\nboletos vendidos&nbsp; junto con el dinero\nrecaudado.&nbsp; Por ejemplo, si un alumno o\nalumna ha vendido 3 boletos meter\u00e1 la parte izquierda de esos boletos (con el\nn\u00famero de tel\u00e9fono de la persona a la que se los ha vendido) y 3 euros y\ncerrar\u00e1 el sobre. Este sobre cerrado se entregar\u00e1 a los tutores hasta el d\u00eda <strong>19 de diciembre<\/strong>.<\/p>\n\n\n\n<p>El <strong>sorteo <\/strong>de las cestas se har\u00e1 el d\u00eda <strong>20 de diciembre<\/strong> en el colegio. Se informar\u00e1 a los alumnos\/as cuales son los n\u00fameros premiados y adem\u00e1s se colgar\u00e1n en la puerta del colegio.<\/p>\n\n\n\n<p>La cesta se puede recoger en el colegio a lo largo de la ma\u00f1ana del d\u00eda 20 de\ndiciembre. Si los ganadores de la cesta no la han podido recogerla ese d\u00eda, lo\npodr\u00e1n hacer durante las Navidades en el ayuntamiento.<\/p>\n\n\n\n<p>&nbsp;Os animamos a que particip\u00e9is y\ngracias de antemano por vuestra colaboraci\u00f3n.<\/p>\n\n\n\n<p>La Apyma<\/p>\n","protected":false},"excerpt":{"rendered":"<p>Estimadas familias, La Apyma, en colaboraci\u00f3n con el colegio, ha organizado una actividad solidaria con los alumnos\/as de infantil y primaria buscando fomentar en nuestros hijos\/as el esp\u00edritu solidario y favorecer una educaci\u00f3n en valores. Para llevar a cabo esta actividad necesitamos que cada alumno\/a que desee participar lleve un alimento al colegio (postres navide\u00f1os, [&hellip;]<\/p>\n","protected":false},"author":6,"featured_media":0,"comment_status":"open","ping_status":"open","sticky":false,"template":"","format":"standard","meta":{"_genesis_hide_title":false,"_genesis_hide_breadcrumbs":false,"_genesis_hide_singular_image":false,"_genesis_hide_footer_widgets":false,"_genesis_custom_body_class":"","_genesis_custom_post_class":"","_genesis_layout":""},"categories":[7],"tags":[],"_links":{"self":[{"href":"https:\/\/cplarraga.educacion.navarra.es\/web\/wp-json\/wp\/v2\/posts\/2791"}],"collection":[{"href":"https:\/\/cplarraga.educacion.navarra.es\/web\/wp-json\/wp\/v2\/posts"}],"about":[{"href":"https:\/\/cplarraga.educacion.navarra.es\/web\/wp-json\/wp\/v2\/types\/post"}],"author":[{"embeddable":true,"href":"https:\/\/cplarraga.educacion.navarra.es\/web\/wp-json\/wp\/v2\/users\/6"}],"replies":[{"embeddable":true,"href":"https:\/\/cplarraga.educacion.navarra.es\/web\/wp-json\/wp\/v2\/comments?post=2791"}],"version-history":[{"count":2,"href":"https:\/\/cplarraga.educacion.navarra.es\/web\/wp-json\/wp\/v2\/posts\/2791\/revisions"}],"predecessor-version":[{"id":2793,"href":"https:\/\/cplarraga.educacion.navarra.es\/web\/wp-json\/wp\/v2\/posts\/2791\/revisions\/2793"}],"wp:attachment":[{"href":"https:\/\/cplarraga.educacion.navarra.es\/web\/wp-json\/wp\/v2\/media?parent=2791"}],"wp:term":[{"taxonomy":"category","embeddable":true,"href":"https:\/\/cplarraga.educacion.navarra.es\/web\/wp-json\/wp\/v2\/categories?post=2791"},{"taxonomy":"post_tag","embeddable":true,"href":"https:\/\/cplarraga.educacion.navarra.es\/web\/wp-json\/wp\/v2\/tags?post=2791"}],"curies":[{"name":"wp","href":"https:\/\/api.w.org\/{rel}","templated":true}]}}