{"id":2778,"date":"2019-12-13T12:06:31","date_gmt":"2019-12-13T11:06:31","guid":{"rendered":"https:\/\/cplarraga.educacion.navarra.es\/web\/?p=2778"},"modified":"2019-12-13T12:19:21","modified_gmt":"2019-12-13T11:19:21","slug":"20191122-tenemos-un-marron-cnai","status":"publish","type":"post","link":"https:\/\/cplarraga.educacion.navarra.es\/web\/blog\/20191122-tenemos-un-marron-cnai\/","title":{"rendered":"2019-11-22 Tenemos un marr\u00f3n\/CNAI"},"content":{"rendered":"\n<p>Estimada familia,<\/p>\n\n\n\n<p>Os comunicamos dos noticias:<\/p>\n\n\n\n<figure class=\"wp-block-table\"><table class=\"\"><tbody><tr><td>1)&nbsp;&nbsp;&nbsp; La <strong>Mancomunidad de Valdizarbe<\/strong> ha realizado un v\u00eddeo <strong>\u201cTenemos un marr\u00f3n \/ A ze marroia dugun\u201d<\/strong> coincidiendo con la semana europea de la prevenci\u00f3n y reutilizaci\u00f3n de los residuos. <br> Es una versi\u00f3n de una conocida canci\u00f3n del grupo Ska-P.<br> Enlaces del v\u00eddeo: &nbsp;&nbsp;&nbsp;&nbsp;&nbsp;&nbsp;&nbsp;&nbsp;&nbsp;&nbsp;&nbsp;&nbsp;&nbsp;&nbsp;&nbsp;&nbsp; https:\/\/youtu.be\/gluF24TGPV0<br> &nbsp;&nbsp;&nbsp;&nbsp;&nbsp;&nbsp;&nbsp;&nbsp;&nbsp;&nbsp;&nbsp;&nbsp;&nbsp;&nbsp;&nbsp;&nbsp;&nbsp;&nbsp;&nbsp;&nbsp;&nbsp;&nbsp;&nbsp;&nbsp;&nbsp;&nbsp;&nbsp;&nbsp;&nbsp;&nbsp;&nbsp;&nbsp;&nbsp;&nbsp;&nbsp;&nbsp;&nbsp;&nbsp;&nbsp;&nbsp;&nbsp;&nbsp;&nbsp;&nbsp; https:\/\/cplarraga.educacion.navarra.es\/web\/ <\/td><\/tr><tr><td>2)&nbsp;&nbsp;&nbsp; El Departamento de Educaci\u00f3n a trav\u00e9s del <strong>CNAI<\/strong> ofrecer\u00e1 <strong>cursos de inmersi\u00f3n ling\u00fc\u00edstica en Ingl\u00e9s<\/strong> en diferentes localidades, entre ellas Tafalla y Puente la Reina.<br> Las fechas de los cursos son:&nbsp;  23 y 24 diciembre \/\/   26 y 27 diciembre  \/\/  30 y 31 diciembre                                                                <br> El plazo para inscribirse finalizar\u00e1 el 15 de diciembre, para m\u00e1s informaci\u00f3n pod\u00e9is acudir a: su p\u00e1gina web(www.cnai.es), su correo electr\u00f3nico (info@cnai.es) o en el tel\u00e9fono 948 20 73 43. <\/td><\/tr><\/tbody><\/table><\/figure>\n\n\n\n<p>Un\nsaludo<\/p>\n\n\n\n<p>El\ncolegio.<\/p>\n","protected":false},"excerpt":{"rendered":"<p>Estimada familia, Os comunicamos dos noticias: 1)&nbsp;&nbsp;&nbsp; La Mancomunidad de Valdizarbe ha realizado un v\u00eddeo \u201cTenemos un marr\u00f3n \/ A ze marroia dugun\u201d coincidiendo con la semana europea de la prevenci\u00f3n y reutilizaci\u00f3n de los residuos. Es una versi\u00f3n de una conocida canci\u00f3n del grupo Ska-P. Enlaces del v\u00eddeo: &nbsp;&nbsp;&nbsp;&nbsp;&nbsp;&nbsp;&nbsp;&nbsp;&nbsp;&nbsp;&nbsp;&nbsp;&nbsp;&nbsp;&nbsp;&nbsp; https:\/\/youtu.be\/gluF24TGPV0 &nbsp;&nbsp;&nbsp;&nbsp;&nbsp;&nbsp;&nbsp;&nbsp;&nbsp;&nbsp;&nbsp;&nbsp;&nbsp;&nbsp;&nbsp;&nbsp;&nbsp;&nbsp;&nbsp;&nbsp;&nbsp;&nbsp;&nbsp;&nbsp;&nbsp;&nbsp;&nbsp;&nbsp;&nbsp;&nbsp;&nbsp;&nbsp;&nbsp;&nbsp;&nbsp;&nbsp;&nbsp;&nbsp;&nbsp;&nbsp;&nbsp;&nbsp;&nbsp;&nbsp; https:\/\/cplarraga.educacion.navarra.es\/web\/ 2)&nbsp;&nbsp;&nbsp; El [&hellip;]<\/p>\n","protected":false},"author":6,"featured_media":0,"comment_status":"open","ping_status":"open","sticky":false,"template":"","format":"standard","meta":{"_genesis_hide_title":false,"_genesis_hide_breadcrumbs":false,"_genesis_hide_singular_image":false,"_genesis_hide_footer_widgets":false,"_genesis_custom_body_class":"","_genesis_custom_post_class":"","_genesis_layout":""},"categories":[7],"tags":[],"_links":{"self":[{"href":"https:\/\/cplarraga.educacion.navarra.es\/web\/wp-json\/wp\/v2\/posts\/2778"}],"collection":[{"href":"https:\/\/cplarraga.educacion.navarra.es\/web\/wp-json\/wp\/v2\/posts"}],"about":[{"href":"https:\/\/cplarraga.educacion.navarra.es\/web\/wp-json\/wp\/v2\/types\/post"}],"author":[{"embeddable":true,"href":"https:\/\/cplarraga.educacion.navarra.es\/web\/wp-json\/wp\/v2\/users\/6"}],"replies":[{"embeddable":true,"href":"https:\/\/cplarraga.educacion.navarra.es\/web\/wp-json\/wp\/v2\/comments?post=2778"}],"version-history":[{"count":4,"href":"https:\/\/cplarraga.educacion.navarra.es\/web\/wp-json\/wp\/v2\/posts\/2778\/revisions"}],"predecessor-version":[{"id":2788,"href":"https:\/\/cplarraga.educacion.navarra.es\/web\/wp-json\/wp\/v2\/posts\/2778\/revisions\/2788"}],"wp:attachment":[{"href":"https:\/\/cplarraga.educacion.navarra.es\/web\/wp-json\/wp\/v2\/media?parent=2778"}],"wp:term":[{"taxonomy":"category","embeddable":true,"href":"https:\/\/cplarraga.educacion.navarra.es\/web\/wp-json\/wp\/v2\/categories?post=2778"},{"taxonomy":"post_tag","embeddable":true,"href":"https:\/\/cplarraga.educacion.navarra.es\/web\/wp-json\/wp\/v2\/tags?post=2778"}],"curies":[{"name":"wp","href":"https:\/\/api.w.org\/{rel}","templated":true}]}}