{"id":1490,"date":"2019-04-16T12:08:20","date_gmt":"2019-04-16T10:08:20","guid":{"rendered":"https:\/\/cplarraga.educacion.navarra.es\/web\/?p=1490"},"modified":"2019-04-16T12:08:20","modified_gmt":"2019-04-16T10:08:20","slug":"2019-04-16-extraescolares-17-abril","status":"publish","type":"post","link":"https:\/\/cplarraga.educacion.navarra.es\/web\/blog\/2019-04-16-extraescolares-17-abril\/","title":{"rendered":"2019-04-16 Extraescolares 17 abril"},"content":{"rendered":"\n<p><strong>AVISO ACTIVIDADES EXTRAESCOLAR PARA MI\u00c9RCOLES 17\nDE ABRIL<\/strong><\/p>\n\n\n\n<p>Estimadas familias:<\/p>\n\n\n\n<p>Os recordamos que el\nmi\u00e9rcoles 17 de abril no hay extraescolares por la tarde.<\/p>\n\n\n\n<p>Aprovechamos la ocasi\u00f3n para\ndesearos que pas\u00e9is unos buenos d\u00edas de vacaciones.<\/p>\n\n\n\n<p>Un saludo,<\/p>\n\n\n\n<p>El colegio<\/p>\n","protected":false},"excerpt":{"rendered":"<p>AVISO ACTIVIDADES EXTRAESCOLAR PARA MI\u00c9RCOLES 17 DE ABRIL Estimadas familias: Os recordamos que el mi\u00e9rcoles 17 de abril no hay extraescolares por la tarde. Aprovechamos la ocasi\u00f3n para desearos que pas\u00e9is unos buenos d\u00edas de vacaciones. Un saludo, El colegio<\/p>\n","protected":false},"author":6,"featured_media":0,"comment_status":"open","ping_status":"open","sticky":false,"template":"","format":"standard","meta":{"_genesis_hide_title":false,"_genesis_hide_breadcrumbs":false,"_genesis_hide_singular_image":false,"_genesis_hide_footer_widgets":false,"_genesis_custom_body_class":"","_genesis_custom_post_class":"","_genesis_layout":""},"categories":[7],"tags":[],"_links":{"self":[{"href":"https:\/\/cplarraga.educacion.navarra.es\/web\/wp-json\/wp\/v2\/posts\/1490"}],"collection":[{"href":"https:\/\/cplarraga.educacion.navarra.es\/web\/wp-json\/wp\/v2\/posts"}],"about":[{"href":"https:\/\/cplarraga.educacion.navarra.es\/web\/wp-json\/wp\/v2\/types\/post"}],"author":[{"embeddable":true,"href":"https:\/\/cplarraga.educacion.navarra.es\/web\/wp-json\/wp\/v2\/users\/6"}],"replies":[{"embeddable":true,"href":"https:\/\/cplarraga.educacion.navarra.es\/web\/wp-json\/wp\/v2\/comments?post=1490"}],"version-history":[{"count":1,"href":"https:\/\/cplarraga.educacion.navarra.es\/web\/wp-json\/wp\/v2\/posts\/1490\/revisions"}],"predecessor-version":[{"id":1491,"href":"https:\/\/cplarraga.educacion.navarra.es\/web\/wp-json\/wp\/v2\/posts\/1490\/revisions\/1491"}],"wp:attachment":[{"href":"https:\/\/cplarraga.educacion.navarra.es\/web\/wp-json\/wp\/v2\/media?parent=1490"}],"wp:term":[{"taxonomy":"category","embeddable":true,"href":"https:\/\/cplarraga.educacion.navarra.es\/web\/wp-json\/wp\/v2\/categories?post=1490"},{"taxonomy":"post_tag","embeddable":true,"href":"https:\/\/cplarraga.educacion.navarra.es\/web\/wp-json\/wp\/v2\/tags?post=1490"}],"curies":[{"name":"wp","href":"https:\/\/api.w.org\/{rel}","templated":true}]}}